{"id":825,"date":"2020-07-03T12:51:20","date_gmt":"2020-07-03T10:51:20","guid":{"rendered":"https:\/\/www.eco-nova.de\/?p=825"},"modified":"2023-09-19T15:30:21","modified_gmt":"2023-09-19T13:30:21","slug":"gruendlich-die-haende-waschen","status":"publish","type":"post","link":"https:\/\/www.eco-nova.de\/pl\/gruendlich-die-haende-waschen\/","title":{"rendered":"Dlatego nale\u017cy nadal dok\u0142adnie my\u0107 r\u0119ce"},"content":{"rendered":"<p>Myd\u0142o jest wa\u017cnym \u015brodkiem ochrony i zapobiegania rozprzestrzenianiu si\u0119 koronawirusa.<\/p>\n<p>Jak dzia\u0142a myd\u0142o?<\/p>\n<p>Najbardziej zewn\u0119trzna warstwa koronawirusa sk\u0142ada si\u0119 z t\u0142uszczu, a myd\u0142o jest dobrym sposobem na jego usuni\u0119cie. Dlatego te\u017c regularnie zaleca si\u0119 mycie r\u0105k wod\u0105 z myd\u0142em przez co najmniej 20 sekund. Myd\u0142o niszczy warstw\u0119 t\u0142uszczow\u0105 koronawirusa, powoduj\u0105c jego rozpad i czyni\u0105c go nieszkodliwym. Pozosta\u0142o\u015bci wirusa s\u0105 sp\u0142ukiwane wod\u0105.<\/p>\n<p>Ciesz si\u0119 latem i zachowaj zdrowie.<\/p>\n<p>Tw\u00f3j zesp\u00f3\u0142 Eco-Nova<\/p>","protected":false},"excerpt":{"rendered":"<p>Seife ist ein wichtiges Mittel, um sich zu sch\u00fctzen und die Ausbreitung des Coronavirus zu verhindern. Wie wirkt Seife? Die \u00e4u\u00dferste Schicht des Coronavirus besteht aus Fett, und Seife ist ein gutes Mittel zum Entfernen von Fett. Deshalb wird uns auch regelm\u00e4\u00dfig empfohlen, unsere H\u00e4nde mindestens 20 Sekunden lang mit Wasser und Seife zu waschen. [&hellip;]<\/p>\n","protected":false},"author":3,"featured_media":0,"comment_status":"closed","ping_status":"closed","sticky":false,"template":"","format":"standard","meta":{"_acf_changed":false,"footnotes":""},"categories":[1],"tags":[],"class_list":["post-825","post","type-post","status-publish","format-standard","hentry","category-unkategorisiert"],"acf":[],"yoast_head":"<!-- This site is optimized with the Yoast SEO Premium plugin v27.2 (Yoast SEO v27.5) - https:\/\/yoast.com\/product\/yoast-seo-premium-wordpress\/ -->\n<title>Gr\u00fcndlich die H\u00e4nde waschen - ECO-NOVA<\/title>\n<meta name=\"description\" content=\"Gr\u00fcndlich die H\u00e4nde waschen. Seife ist ein wichtiges Mittel, um sich zu sch\u00fctzen und die Ausbreitung des Coronavirus zu verhindern.\" \/>\n<meta name=\"robots\" content=\"index, follow, max-snippet:-1, max-image-preview:large, max-video-preview:-1\" \/>\n<link rel=\"canonical\" href=\"https:\/\/www.eco-nova.de\/pl\/gruendlich-die-haende-waschen\/\" \/>\n<meta property=\"og:locale\" content=\"pl_PL\" \/>\n<meta property=\"og:type\" content=\"article\" \/>\n<meta property=\"og:title\" content=\"Darum sollten Sie auch weiterhin gr\u00fcndlich die H\u00e4nde waschen\" \/>\n<meta property=\"og:description\" content=\"Gr\u00fcndlich die H\u00e4nde waschen. Seife ist ein wichtiges Mittel, um sich zu sch\u00fctzen und die Ausbreitung des Coronavirus zu verhindern.\" \/>\n<meta property=\"og:url\" content=\"https:\/\/www.eco-nova.de\/pl\/gruendlich-die-haende-waschen\/\" \/>\n<meta property=\"og:site_name\" content=\"Eco Nova\" \/>\n<meta property=\"article:publisher\" content=\"https:\/\/www.facebook.com\/econovagmbh\/\" \/>\n<meta property=\"article:published_time\" content=\"2020-07-03T10:51:20+00:00\" \/>\n<meta property=\"article:modified_time\" content=\"2023-09-19T13:30:21+00:00\" \/>\n<meta name=\"author\" content=\"Stefan Bertels\" \/>\n<meta name=\"twitter:card\" content=\"summary_large_image\" \/>\n<meta name=\"twitter:label1\" content=\"Napisane przez\" \/>\n\t<meta name=\"twitter:data1\" content=\"Stefan Bertels\" \/>\n\t<meta name=\"twitter:label2\" content=\"Szacowany czas czytania\" \/>\n\t<meta name=\"twitter:data2\" content=\"1 minuta\" \/>\n<script type=\"application\/ld+json\" class=\"yoast-schema-graph\">{\"@context\":\"https:\\\/\\\/schema.org\",\"@graph\":[{\"@type\":\"Article\",\"@id\":\"https:\\\/\\\/www.eco-nova.de\\\/gruendlich-die-haende-waschen\\\/#article\",\"isPartOf\":{\"@id\":\"https:\\\/\\\/www.eco-nova.de\\\/gruendlich-die-haende-waschen\\\/\"},\"author\":{\"name\":\"Stefan Bertels\",\"@id\":\"https:\\\/\\\/www.eco-nova.de\\\/#\\\/schema\\\/person\\\/9707d85983a52e4e74aab7a922ef2bcd\"},\"headline\":\"Darum sollten Sie auch weiterhin gr\u00fcndlich die H\u00e4nde waschen\",\"datePublished\":\"2020-07-03T10:51:20+00:00\",\"dateModified\":\"2023-09-19T13:30:21+00:00\",\"mainEntityOfPage\":{\"@id\":\"https:\\\/\\\/www.eco-nova.de\\\/gruendlich-die-haende-waschen\\\/\"},\"wordCount\":106,\"publisher\":{\"@id\":\"https:\\\/\\\/www.eco-nova.de\\\/#organization\"},\"articleSection\":[\"Unkategorisiert\"],\"inLanguage\":\"pl-PL\"},{\"@type\":\"WebPage\",\"@id\":\"https:\\\/\\\/www.eco-nova.de\\\/gruendlich-die-haende-waschen\\\/\",\"url\":\"https:\\\/\\\/www.eco-nova.de\\\/gruendlich-die-haende-waschen\\\/\",\"name\":\"Gr\u00fcndlich die H\u00e4nde waschen - ECO-NOVA\",\"isPartOf\":{\"@id\":\"https:\\\/\\\/www.eco-nova.de\\\/#website\"},\"datePublished\":\"2020-07-03T10:51:20+00:00\",\"dateModified\":\"2023-09-19T13:30:21+00:00\",\"description\":\"Gr\u00fcndlich die H\u00e4nde waschen. Seife ist ein wichtiges Mittel, um sich zu sch\u00fctzen und die Ausbreitung des Coronavirus zu verhindern.\",\"breadcrumb\":{\"@id\":\"https:\\\/\\\/www.eco-nova.de\\\/gruendlich-die-haende-waschen\\\/#breadcrumb\"},\"inLanguage\":\"pl-PL\",\"potentialAction\":[{\"@type\":\"ReadAction\",\"target\":[\"https:\\\/\\\/www.eco-nova.de\\\/gruendlich-die-haende-waschen\\\/\"]}]},{\"@type\":\"BreadcrumbList\",\"@id\":\"https:\\\/\\\/www.eco-nova.de\\\/gruendlich-die-haende-waschen\\\/#breadcrumb\",\"itemListElement\":[{\"@type\":\"ListItem\",\"position\":1,\"name\":\"Startseite\",\"item\":\"https:\\\/\\\/www.eco-nova.de\\\/\"},{\"@type\":\"ListItem\",\"position\":2,\"name\":\"Darum sollten Sie auch weiterhin gr\u00fcndlich die H\u00e4nde waschen\"}]},{\"@type\":\"WebSite\",\"@id\":\"https:\\\/\\\/www.eco-nova.de\\\/#website\",\"url\":\"https:\\\/\\\/www.eco-nova.de\\\/\",\"name\":\"ECO-NOVA - Industriereiniger ohne Gefahrstoffe\",\"description\":\"Industriereiniger ohne Gefahrstoffe\",\"publisher\":{\"@id\":\"https:\\\/\\\/www.eco-nova.de\\\/#organization\"},\"alternateName\":\"Eco-Nova - Beratung und L\u00f6sung f\u00fcr industrielle Reinigungsprobleme\",\"potentialAction\":[{\"@type\":\"SearchAction\",\"target\":{\"@type\":\"EntryPoint\",\"urlTemplate\":\"https:\\\/\\\/www.eco-nova.de\\\/?s={search_term_string}\"},\"query-input\":{\"@type\":\"PropertyValueSpecification\",\"valueRequired\":true,\"valueName\":\"search_term_string\"}}],\"inLanguage\":\"pl-PL\"},{\"@type\":\"Organization\",\"@id\":\"https:\\\/\\\/www.eco-nova.de\\\/#organization\",\"name\":\"ECO-NOVA GmbH\",\"alternateName\":\"Eco-Nova Handelsgesellschaft mbH\",\"url\":\"https:\\\/\\\/www.eco-nova.de\\\/\",\"logo\":{\"@type\":\"ImageObject\",\"inLanguage\":\"pl-PL\",\"@id\":\"https:\\\/\\\/www.eco-nova.de\\\/#\\\/schema\\\/logo\\\/image\\\/\",\"url\":\"https:\\\/\\\/www.eco-nova.de\\\/wp-content\\\/uploads\\\/2023\\\/09\\\/2022-ECO-NOVA-Wort-Bildmarke-RGB_Zeichenflaeche-1.jpg\",\"contentUrl\":\"https:\\\/\\\/www.eco-nova.de\\\/wp-content\\\/uploads\\\/2023\\\/09\\\/2022-ECO-NOVA-Wort-Bildmarke-RGB_Zeichenflaeche-1.jpg\",\"width\":2251,\"height\":2251,\"caption\":\"ECO-NOVA GmbH\"},\"image\":{\"@id\":\"https:\\\/\\\/www.eco-nova.de\\\/#\\\/schema\\\/logo\\\/image\\\/\"},\"sameAs\":[\"https:\\\/\\\/www.facebook.com\\\/econovagmbh\\\/\",\"https:\\\/\\\/www.linkedin.com\\\/company\\\/eco-nova-gmbh\\\/\",\"https:\\\/\\\/www.youtube.com\\\/@eco-novagmbh\",\"https:\\\/\\\/www.instagram.com\\\/eco_nova.de\\\/\"],\"description\":\"Eco-Nova unterst\u00fctzt und ber\u00e4t produzierende und industrielle Betriebe bei Reinigungsproblemen. Eco-Nova ist dabei Hersteller von Industriereinigern und vertreibt diese aus eigener Herstellung.\",\"email\":\"info@eco-nova.de\",\"telephone\":\"05923 99 36 0\",\"legalName\":\"Eco-Nova Handelsgesellschaft mbH\",\"foundingDate\":\"1993-10-01\",\"vatID\":\"DE160232502\",\"taxID\":\"55\\\/201\\\/39713\"},{\"@type\":\"Person\",\"@id\":\"https:\\\/\\\/www.eco-nova.de\\\/#\\\/schema\\\/person\\\/9707d85983a52e4e74aab7a922ef2bcd\",\"name\":\"Stefan Bertels\",\"image\":{\"@type\":\"ImageObject\",\"inLanguage\":\"pl-PL\",\"@id\":\"https:\\\/\\\/secure.gravatar.com\\\/avatar\\\/4b73bdcd3089ecffa6d75e5b2421d35947fbec142d85f6c012e5dc9f4c68656b?s=96&d=mm&r=g\",\"url\":\"https:\\\/\\\/secure.gravatar.com\\\/avatar\\\/4b73bdcd3089ecffa6d75e5b2421d35947fbec142d85f6c012e5dc9f4c68656b?s=96&d=mm&r=g\",\"contentUrl\":\"https:\\\/\\\/secure.gravatar.com\\\/avatar\\\/4b73bdcd3089ecffa6d75e5b2421d35947fbec142d85f6c012e5dc9f4c68656b?s=96&d=mm&r=g\",\"caption\":\"Stefan Bertels\"}}]}<\/script>\n<!-- \/ Yoast SEO Premium plugin. -->","yoast_head_json":{"title":"Dok\u0142adnie myj r\u0119ce - ECO-NOVA","description":"Dok\u0142adnie myj r\u0119ce. Myd\u0142o jest wa\u017cnym \u015brodkiem ochrony i zapobiegania rozprzestrzenianiu si\u0119 koronawirusa.","robots":{"index":"index","follow":"follow","max-snippet":"max-snippet:-1","max-image-preview":"max-image-preview:large","max-video-preview":"max-video-preview:-1"},"canonical":"https:\/\/www.eco-nova.de\/pl\/gruendlich-die-haende-waschen\/","og_locale":"pl_PL","og_type":"article","og_title":"Darum sollten Sie auch weiterhin gr\u00fcndlich die H\u00e4nde waschen","og_description":"Gr\u00fcndlich die H\u00e4nde waschen. Seife ist ein wichtiges Mittel, um sich zu sch\u00fctzen und die Ausbreitung des Coronavirus zu verhindern.","og_url":"https:\/\/www.eco-nova.de\/pl\/gruendlich-die-haende-waschen\/","og_site_name":"Eco Nova","article_publisher":"https:\/\/www.facebook.com\/econovagmbh\/","article_published_time":"2020-07-03T10:51:20+00:00","article_modified_time":"2023-09-19T13:30:21+00:00","author":"Stefan Bertels","twitter_card":"summary_large_image","twitter_misc":{"Napisane przez":"Stefan Bertels","Szacowany czas czytania":"1 minuta"},"schema":{"@context":"https:\/\/schema.org","@graph":[{"@type":"Article","@id":"https:\/\/www.eco-nova.de\/gruendlich-die-haende-waschen\/#article","isPartOf":{"@id":"https:\/\/www.eco-nova.de\/gruendlich-die-haende-waschen\/"},"author":{"name":"Stefan Bertels","@id":"https:\/\/www.eco-nova.de\/#\/schema\/person\/9707d85983a52e4e74aab7a922ef2bcd"},"headline":"Darum sollten Sie auch weiterhin gr\u00fcndlich die H\u00e4nde waschen","datePublished":"2020-07-03T10:51:20+00:00","dateModified":"2023-09-19T13:30:21+00:00","mainEntityOfPage":{"@id":"https:\/\/www.eco-nova.de\/gruendlich-die-haende-waschen\/"},"wordCount":106,"publisher":{"@id":"https:\/\/www.eco-nova.de\/#organization"},"articleSection":["Unkategorisiert"],"inLanguage":"pl-PL"},{"@type":"WebPage","@id":"https:\/\/www.eco-nova.de\/gruendlich-die-haende-waschen\/","url":"https:\/\/www.eco-nova.de\/gruendlich-die-haende-waschen\/","name":"Dok\u0142adnie myj r\u0119ce - ECO-NOVA","isPartOf":{"@id":"https:\/\/www.eco-nova.de\/#website"},"datePublished":"2020-07-03T10:51:20+00:00","dateModified":"2023-09-19T13:30:21+00:00","description":"Dok\u0142adnie myj r\u0119ce. Myd\u0142o jest wa\u017cnym \u015brodkiem ochrony i zapobiegania rozprzestrzenianiu si\u0119 koronawirusa.","breadcrumb":{"@id":"https:\/\/www.eco-nova.de\/gruendlich-die-haende-waschen\/#breadcrumb"},"inLanguage":"pl-PL","potentialAction":[{"@type":"ReadAction","target":["https:\/\/www.eco-nova.de\/gruendlich-die-haende-waschen\/"]}]},{"@type":"BreadcrumbList","@id":"https:\/\/www.eco-nova.de\/gruendlich-die-haende-waschen\/#breadcrumb","itemListElement":[{"@type":"ListItem","position":1,"name":"Startseite","item":"https:\/\/www.eco-nova.de\/"},{"@type":"ListItem","position":2,"name":"Darum sollten Sie auch weiterhin gr\u00fcndlich die H\u00e4nde waschen"}]},{"@type":"WebSite","@id":"https:\/\/www.eco-nova.de\/#website","url":"https:\/\/www.eco-nova.de\/","name":"ECO-NOVA - Przemys\u0142owy \u015brodek czyszcz\u0105cy bez niebezpiecznych substancji","description":"Przemys\u0142owy \u015brodek czyszcz\u0105cy bez niebezpiecznych substancji","publisher":{"@id":"https:\/\/www.eco-nova.de\/#organization"},"alternateName":"Eco-Nova - Beratung und L\u00f6sung f\u00fcr industrielle Reinigungsprobleme","potentialAction":[{"@type":"SearchAction","target":{"@type":"EntryPoint","urlTemplate":"https:\/\/www.eco-nova.de\/?s={search_term_string}"},"query-input":{"@type":"PropertyValueSpecification","valueRequired":true,"valueName":"search_term_string"}}],"inLanguage":"pl-PL"},{"@type":"Organization","@id":"https:\/\/www.eco-nova.de\/#organization","name":"ECO-NOVA GmbH","alternateName":"Eco-Nova Handelsgesellschaft mbH","url":"https:\/\/www.eco-nova.de\/","logo":{"@type":"ImageObject","inLanguage":"pl-PL","@id":"https:\/\/www.eco-nova.de\/#\/schema\/logo\/image\/","url":"https:\/\/www.eco-nova.de\/wp-content\/uploads\/2023\/09\/2022-ECO-NOVA-Wort-Bildmarke-RGB_Zeichenflaeche-1.jpg","contentUrl":"https:\/\/www.eco-nova.de\/wp-content\/uploads\/2023\/09\/2022-ECO-NOVA-Wort-Bildmarke-RGB_Zeichenflaeche-1.jpg","width":2251,"height":2251,"caption":"ECO-NOVA GmbH"},"image":{"@id":"https:\/\/www.eco-nova.de\/#\/schema\/logo\/image\/"},"sameAs":["https:\/\/www.facebook.com\/econovagmbh\/","https:\/\/www.linkedin.com\/company\/eco-nova-gmbh\/","https:\/\/www.youtube.com\/@eco-novagmbh","https:\/\/www.instagram.com\/eco_nova.de\/"],"description":"Eco-Nova wspiera i doradza firmom produkcyjnym i przemys\u0142owym w zakresie problem\u00f3w zwi\u0105zanych z utrzymaniem czysto\u015bci. Eco-Nova jest producentem przemys\u0142owych \u015brodk\u00f3w czyszcz\u0105cych i sprzedaje je z w\u0142asnej produkcji.","email":"info@eco-nova.de","telephone":"05923 99 36 0","legalName":"Eco-Nova Handelsgesellschaft mbH","foundingDate":"1993-10-01","vatID":"DE160232502","taxID":"55\/201\/39713"},{"@type":"Person","@id":"https:\/\/www.eco-nova.de\/#\/schema\/person\/9707d85983a52e4e74aab7a922ef2bcd","name":"Stefan Bertels","image":{"@type":"ImageObject","inLanguage":"pl-PL","@id":"https:\/\/secure.gravatar.com\/avatar\/4b73bdcd3089ecffa6d75e5b2421d35947fbec142d85f6c012e5dc9f4c68656b?s=96&d=mm&r=g","url":"https:\/\/secure.gravatar.com\/avatar\/4b73bdcd3089ecffa6d75e5b2421d35947fbec142d85f6c012e5dc9f4c68656b?s=96&d=mm&r=g","contentUrl":"https:\/\/secure.gravatar.com\/avatar\/4b73bdcd3089ecffa6d75e5b2421d35947fbec142d85f6c012e5dc9f4c68656b?s=96&d=mm&r=g","caption":"Stefan Bertels"}}]}},"_links":{"self":[{"href":"https:\/\/www.eco-nova.de\/pl\/wp-json\/wp\/v2\/posts\/825","targetHints":{"allow":["GET"]}}],"collection":[{"href":"https:\/\/www.eco-nova.de\/pl\/wp-json\/wp\/v2\/posts"}],"about":[{"href":"https:\/\/www.eco-nova.de\/pl\/wp-json\/wp\/v2\/types\/post"}],"author":[{"embeddable":true,"href":"https:\/\/www.eco-nova.de\/pl\/wp-json\/wp\/v2\/users\/3"}],"replies":[{"embeddable":true,"href":"https:\/\/www.eco-nova.de\/pl\/wp-json\/wp\/v2\/comments?post=825"}],"version-history":[{"count":0,"href":"https:\/\/www.eco-nova.de\/pl\/wp-json\/wp\/v2\/posts\/825\/revisions"}],"wp:attachment":[{"href":"https:\/\/www.eco-nova.de\/pl\/wp-json\/wp\/v2\/media?parent=825"}],"wp:term":[{"taxonomy":"category","embeddable":true,"href":"https:\/\/www.eco-nova.de\/pl\/wp-json\/wp\/v2\/categories?post=825"},{"taxonomy":"post_tag","embeddable":true,"href":"https:\/\/www.eco-nova.de\/pl\/wp-json\/wp\/v2\/tags?post=825"}],"curies":[{"name":"wp","href":"https:\/\/api.w.org\/{rel}","templated":true}]}}