{"id":5195,"date":"2024-01-23T15:37:32","date_gmt":"2024-01-23T14:37:32","guid":{"rendered":"https:\/\/www.eco-nova.de\/?p=5195"},"modified":"2024-01-24T09:27:19","modified_gmt":"2024-01-24T08:27:19","slug":"eco-nova-engagiert-sich-fuer-den-deutsch-niederlaendischen-austausch","status":"publish","type":"post","link":"https:\/\/www.eco-nova.de\/pl\/eco-nova-engagiert-sich-fuer-den-deutsch-niederlaendischen-austausch\/","title":{"rendered":"Eco-Nova jest zaanga\u017cowana w niemiecko-holenderski program wymiany"},"content":{"rendered":"<h3>Dlaczego wymiana niemiecko-holenderska jest wa\u017cna?<\/h3>\n<p>Ponad pi\u0119\u0107 tysi\u0119cy holenderskich firm ma oddzia\u0142y w Niemczech, gdzie zapotrzebowanie na niemieckoj\u0119zycznych obywateli Holandii jest wysokie. Ale niemieckie firmy po drugiej stronie granicy, w samych Niemczech, r\u00f3wnie\u017c poszukuj\u0105 obywateli Holandii do obsadzenia swoich wakat\u00f3w. Dobra znajomo\u015b\u0107 j\u0119zyka niemieckiego czyni kandydat\u00f3w sze\u015bciokrotnie bardziej atrakcyjnymi na rynku pracy. Niestety, te mo\u017cliwo\u015bci kariery s\u0105 cz\u0119sto niedoceniane, a znaczenie j\u0119zyka niemieckiego staje si\u0119 naprawd\u0119 widoczne dopiero w p\u00f3\u017aniejszym \u017cyciu zawodowym, zw\u0142aszcza w regionie przygranicznym.<\/p>\n<p><img fetchpriority=\"high\" decoding=\"async\" class=\"box-shadow: 5px 5px 10px 1px #000000; alignnone wp-image-5199 size-medium\" src=\"https:\/\/www.eco-nova.de\/wp-content\/uploads\/2024\/01\/1392affc-df00-488c-9205-921bf16f5b3f-300x225.jpeg\" alt=\"\" width=\"300\" height=\"225\" srcset=\"https:\/\/www.eco-nova.de\/wp-content\/uploads\/2024\/01\/1392affc-df00-488c-9205-921bf16f5b3f-300x225.jpeg 300w, https:\/\/www.eco-nova.de\/wp-content\/uploads\/2024\/01\/1392affc-df00-488c-9205-921bf16f5b3f-768x576.jpeg 768w, https:\/\/www.eco-nova.de\/wp-content\/uploads\/2024\/01\/1392affc-df00-488c-9205-921bf16f5b3f.jpeg 1024w\" sizes=\"(max-width: 300px) 100vw, 300px\" \/><\/p>\n<h3>Politycy opowiadali si\u0119 r\u00f3wnie\u017c za wsp\u00f3\u0142prac\u0105 niemiecko-holendersk\u0105<\/h3>\n<p>Niemiecko-Holenderska Izba Gospodarcza (DNHK) podkre\u015bla szczeg\u00f3lne znaczenie j\u0119zyka niemieckiego w regionie przygranicznym, gdzie wymiana handlowa mi\u0119dzy oboma krajami jest widoczna na wielu poziomach. Wsp\u00f3\u0142praca transgraniczna w dziedzinie kultury i polityki jest r\u00f3wnie\u017c podkre\u015blana jako cenna. Szczeg\u00f3lnie godna ubolewania jest utrata mo\u017cliwo\u015bci z powodu braku znajomo\u015bci j\u0119zyka niemieckiego.<\/p>\n<p><img decoding=\"async\" class=\"alignnone wp-image-5197 size-medium\" src=\"https:\/\/www.eco-nova.de\/wp-content\/uploads\/2024\/01\/3c0ffbc2-dba0-4171-a0e3-044b3559a28e-300x225.jpeg\" alt=\"\" width=\"300\" height=\"225\" srcset=\"https:\/\/www.eco-nova.de\/wp-content\/uploads\/2024\/01\/3c0ffbc2-dba0-4171-a0e3-044b3559a28e-300x225.jpeg 300w, https:\/\/www.eco-nova.de\/wp-content\/uploads\/2024\/01\/3c0ffbc2-dba0-4171-a0e3-044b3559a28e-768x576.jpeg 768w, https:\/\/www.eco-nova.de\/wp-content\/uploads\/2024\/01\/3c0ffbc2-dba0-4171-a0e3-044b3559a28e.jpeg 1024w\" sizes=\"(max-width: 300px) 100vw, 300px\" \/><\/p>\n<h3>Wk\u0142ad Eco-Nova w porozumienie w regionie przygranicznym<\/h3>\n<p>Dzi\u015b #RudideLeeuw z #econova uczy\u0142 dwie klasy licealne z #bonhoeffercollegeessinkweg o znaczeniu nauki j\u0119zyka niemieckiego i kultury w regionie Twente. Podzieli\u0142 si\u0119 swoimi do\u015bwiadczeniami z 31 lat przedsi\u0119biorczo\u015bci w Niemczech. Jest przedsi\u0119biorc\u0105 ze swoj\u0105 firm\u0105 w Sch\u00fcttorf w Dolnej Saksonii od 1993 roku. Szczeg\u00f3lnie podkre\u015bli\u0142 warto\u015b\u0107 j\u0119zyka i kultury niemieckiej w \u015bwiecie pracy. Uczniowie mieli mo\u017cliwo\u015b\u0107 zadawania pyta\u0144, co doprowadzi\u0142o do edukacyjnego popo\u0142udnia. Inicjatywa ta by\u0142a wsp\u00f3\u0142organizowana przez #duitswerkt i nauczycielk\u0119 j\u0119zyka niemieckiego Nardy Tiehuis. Rudi, kt\u00f3ry m\u00f3wi po niemiecku codziennie od ponad 30 lat, podzieli\u0142 si\u0119 swoimi pogl\u0105dami i do\u015bwiadczeniami na temat kluczowego znaczenia j\u0119zyka niemieckiego dla m\u0142odych ludzi w regionie przygranicznym, gdzie handel, wsp\u00f3\u0142praca i mo\u017cliwo\u015bci s\u0105 namacalne na wielu poziomach. Podkre\u015bli\u0142 r\u00f3wnie\u017c, \u017ce znajomo\u015b\u0107 j\u0119zyka niemieckiego daje r\u00f3wnie\u017c mo\u017cliwo\u015b\u0107 znalezienia dobrej pracy tu\u017c za granic\u0105 w Niemczech.<\/p>\n<p><img decoding=\"async\" class=\"alignleft wp-image-5198 size-medium\" src=\"https:\/\/www.eco-nova.de\/wp-content\/uploads\/2024\/01\/6e4a2644-6225-4fda-8669-0439c4c0768f-225x300.jpeg\" alt=\"\" width=\"225\" height=\"300\" srcset=\"https:\/\/www.eco-nova.de\/wp-content\/uploads\/2024\/01\/6e4a2644-6225-4fda-8669-0439c4c0768f-225x300.jpeg 225w, https:\/\/www.eco-nova.de\/wp-content\/uploads\/2024\/01\/6e4a2644-6225-4fda-8669-0439c4c0768f.jpeg 768w\" sizes=\"(max-width: 225px) 100vw, 225px\" \/><\/p>","protected":false},"excerpt":{"rendered":"<p>Warum ist der deutsch-niederl\u00e4ndische Austausch wichtig? Mehr als f\u00fcnftausend niederl\u00e4ndische Unternehmen haben Niederlassungen in Deutschland, wo die Nachfrage nach deutschsprachigen Niederl\u00e4ndern hoch ist. Aber auch deutsche Unternehmen jenseits der Grenze, in Deutschland selbst, suchen niederl\u00e4ndische Staatsangeh\u00f6rige, um ihre offenen Stellen zu besetzen. Gute Deutschkenntnisse erh\u00f6hen die Attraktivit\u00e4t der Bewerber auf dem Arbeitsmarkt um das Sechsfache. [&hellip;]<\/p>\n","protected":false},"author":3,"featured_media":5196,"comment_status":"closed","ping_status":"closed","sticky":false,"template":"","format":"standard","meta":{"_acf_changed":false,"footnotes":""},"categories":[182],"tags":[],"class_list":["post-5195","post","type-post","status-publish","format-standard","has-post-thumbnail","hentry","category-neuigkeiten"],"acf":[],"yoast_head":"<!-- This site is optimized with the Yoast SEO Premium plugin v27.2 (Yoast SEO v27.5) - https:\/\/yoast.com\/product\/yoast-seo-premium-wordpress\/ -->\n<title>Eco-Nova: Deutsch-Niederl\u00e4ndischen Austausch erm\u00f6glichen - Eco Nova<\/title>\n<meta name=\"description\" content=\"Eco-Nova engagiert sich f\u00fcr den Deutsch-Niederl\u00e4ndischen Austausch. Vortrag von Rudi de Leeuw an Niederl\u00e4ndischer Schule Pro deutsche Sprache\" \/>\n<meta name=\"robots\" content=\"index, follow, max-snippet:-1, max-image-preview:large, max-video-preview:-1\" \/>\n<link rel=\"canonical\" href=\"https:\/\/www.eco-nova.de\/pl\/eco-nova-engagiert-sich-fuer-den-deutsch-niederlaendischen-austausch\/\" \/>\n<meta property=\"og:locale\" content=\"pl_PL\" \/>\n<meta property=\"og:type\" content=\"article\" \/>\n<meta property=\"og:title\" content=\"Eco-Nova engagiert sich f\u00fcr den Deutsch-Niederl\u00e4ndischen Austausch: Chancen nicht verpassen\" \/>\n<meta property=\"og:description\" content=\"Eco-Nova engagiert sich f\u00fcr den Deutsch-Niederl\u00e4ndischen Austausch. F\u00fcr erfolgreiche Karrierechancen sind gute Deutschkenntnisse unverzichtbar!\" \/>\n<meta property=\"og:url\" content=\"https:\/\/www.eco-nova.de\/pl\/eco-nova-engagiert-sich-fuer-den-deutsch-niederlaendischen-austausch\/\" \/>\n<meta property=\"og:site_name\" content=\"Eco Nova\" \/>\n<meta property=\"article:publisher\" content=\"https:\/\/www.facebook.com\/econovagmbh\/\" \/>\n<meta property=\"article:published_time\" content=\"2024-01-23T14:37:32+00:00\" \/>\n<meta property=\"article:modified_time\" content=\"2024-01-24T08:27:19+00:00\" \/>\n<meta property=\"og:image\" content=\"https:\/\/www.eco-nova.de\/wp-content\/uploads\/2024\/01\/deutsch-holland-niederlande.jpg\" \/>\n\t<meta property=\"og:image:width\" content=\"2240\" \/>\n\t<meta property=\"og:image:height\" content=\"1260\" \/>\n\t<meta property=\"og:image:type\" content=\"image\/jpeg\" \/>\n<meta name=\"author\" content=\"Stefan Bertels\" \/>\n<meta name=\"twitter:card\" content=\"summary_large_image\" \/>\n<meta name=\"twitter:title\" content=\"Eco-Nova engagiert sich f\u00fcr den Deutsch-Niederl\u00e4ndischen Austausch\" \/>\n<meta name=\"twitter:label1\" content=\"Napisane przez\" \/>\n\t<meta name=\"twitter:data1\" content=\"Stefan Bertels\" \/>\n\t<meta name=\"twitter:label2\" content=\"Szacowany czas czytania\" \/>\n\t<meta name=\"twitter:data2\" content=\"3 minuty\" \/>\n<script type=\"application\/ld+json\" class=\"yoast-schema-graph\">{\"@context\":\"https:\\\/\\\/schema.org\",\"@graph\":[{\"@type\":\"Article\",\"@id\":\"https:\\\/\\\/www.eco-nova.de\\\/eco-nova-engagiert-sich-fuer-den-deutsch-niederlaendischen-austausch\\\/#article\",\"isPartOf\":{\"@id\":\"https:\\\/\\\/www.eco-nova.de\\\/eco-nova-engagiert-sich-fuer-den-deutsch-niederlaendischen-austausch\\\/\"},\"author\":{\"name\":\"Stefan Bertels\",\"@id\":\"https:\\\/\\\/www.eco-nova.de\\\/#\\\/schema\\\/person\\\/9707d85983a52e4e74aab7a922ef2bcd\"},\"headline\":\"Eco-Nova engagiert sich f\u00fcr den Deutsch-Niederl\u00e4ndischen Austausch\",\"datePublished\":\"2024-01-23T14:37:32+00:00\",\"dateModified\":\"2024-01-24T08:27:19+00:00\",\"mainEntityOfPage\":{\"@id\":\"https:\\\/\\\/www.eco-nova.de\\\/eco-nova-engagiert-sich-fuer-den-deutsch-niederlaendischen-austausch\\\/\"},\"wordCount\":322,\"publisher\":{\"@id\":\"https:\\\/\\\/www.eco-nova.de\\\/#organization\"},\"image\":{\"@id\":\"https:\\\/\\\/www.eco-nova.de\\\/eco-nova-engagiert-sich-fuer-den-deutsch-niederlaendischen-austausch\\\/#primaryimage\"},\"thumbnailUrl\":\"https:\\\/\\\/www.eco-nova.de\\\/wp-content\\\/uploads\\\/2024\\\/01\\\/deutsch-holland-niederlande.jpg\",\"articleSection\":[\"Neuigkeiten\"],\"inLanguage\":\"pl-PL\"},{\"@type\":\"WebPage\",\"@id\":\"https:\\\/\\\/www.eco-nova.de\\\/eco-nova-engagiert-sich-fuer-den-deutsch-niederlaendischen-austausch\\\/\",\"url\":\"https:\\\/\\\/www.eco-nova.de\\\/eco-nova-engagiert-sich-fuer-den-deutsch-niederlaendischen-austausch\\\/\",\"name\":\"Eco-Nova: Deutsch-Niederl\u00e4ndischen Austausch erm\u00f6glichen - Eco Nova\",\"isPartOf\":{\"@id\":\"https:\\\/\\\/www.eco-nova.de\\\/#website\"},\"primaryImageOfPage\":{\"@id\":\"https:\\\/\\\/www.eco-nova.de\\\/eco-nova-engagiert-sich-fuer-den-deutsch-niederlaendischen-austausch\\\/#primaryimage\"},\"image\":{\"@id\":\"https:\\\/\\\/www.eco-nova.de\\\/eco-nova-engagiert-sich-fuer-den-deutsch-niederlaendischen-austausch\\\/#primaryimage\"},\"thumbnailUrl\":\"https:\\\/\\\/www.eco-nova.de\\\/wp-content\\\/uploads\\\/2024\\\/01\\\/deutsch-holland-niederlande.jpg\",\"datePublished\":\"2024-01-23T14:37:32+00:00\",\"dateModified\":\"2024-01-24T08:27:19+00:00\",\"description\":\"Eco-Nova engagiert sich f\u00fcr den Deutsch-Niederl\u00e4ndischen Austausch. Vortrag von Rudi de Leeuw an Niederl\u00e4ndischer Schule Pro deutsche Sprache\",\"breadcrumb\":{\"@id\":\"https:\\\/\\\/www.eco-nova.de\\\/eco-nova-engagiert-sich-fuer-den-deutsch-niederlaendischen-austausch\\\/#breadcrumb\"},\"inLanguage\":\"pl-PL\",\"potentialAction\":[{\"@type\":\"ReadAction\",\"target\":[\"https:\\\/\\\/www.eco-nova.de\\\/eco-nova-engagiert-sich-fuer-den-deutsch-niederlaendischen-austausch\\\/\"]}]},{\"@type\":\"ImageObject\",\"inLanguage\":\"pl-PL\",\"@id\":\"https:\\\/\\\/www.eco-nova.de\\\/eco-nova-engagiert-sich-fuer-den-deutsch-niederlaendischen-austausch\\\/#primaryimage\",\"url\":\"https:\\\/\\\/www.eco-nova.de\\\/wp-content\\\/uploads\\\/2024\\\/01\\\/deutsch-holland-niederlande.jpg\",\"contentUrl\":\"https:\\\/\\\/www.eco-nova.de\\\/wp-content\\\/uploads\\\/2024\\\/01\\\/deutsch-holland-niederlande.jpg\",\"width\":2240,\"height\":1260},{\"@type\":\"BreadcrumbList\",\"@id\":\"https:\\\/\\\/www.eco-nova.de\\\/eco-nova-engagiert-sich-fuer-den-deutsch-niederlaendischen-austausch\\\/#breadcrumb\",\"itemListElement\":[{\"@type\":\"ListItem\",\"position\":1,\"name\":\"Startseite\",\"item\":\"https:\\\/\\\/www.eco-nova.de\\\/\"},{\"@type\":\"ListItem\",\"position\":2,\"name\":\"Eco-Nova engagiert sich f\u00fcr den Deutsch-Niederl\u00e4ndischen Austausch\"}]},{\"@type\":\"WebSite\",\"@id\":\"https:\\\/\\\/www.eco-nova.de\\\/#website\",\"url\":\"https:\\\/\\\/www.eco-nova.de\\\/\",\"name\":\"ECO-NOVA - Industriereiniger ohne Gefahrstoffe\",\"description\":\"Industriereiniger ohne Gefahrstoffe\",\"publisher\":{\"@id\":\"https:\\\/\\\/www.eco-nova.de\\\/#organization\"},\"alternateName\":\"Eco-Nova - Beratung und L\u00f6sung f\u00fcr industrielle Reinigungsprobleme\",\"potentialAction\":[{\"@type\":\"SearchAction\",\"target\":{\"@type\":\"EntryPoint\",\"urlTemplate\":\"https:\\\/\\\/www.eco-nova.de\\\/?s={search_term_string}\"},\"query-input\":{\"@type\":\"PropertyValueSpecification\",\"valueRequired\":true,\"valueName\":\"search_term_string\"}}],\"inLanguage\":\"pl-PL\"},{\"@type\":\"Organization\",\"@id\":\"https:\\\/\\\/www.eco-nova.de\\\/#organization\",\"name\":\"ECO-NOVA GmbH\",\"alternateName\":\"Eco-Nova Handelsgesellschaft mbH\",\"url\":\"https:\\\/\\\/www.eco-nova.de\\\/\",\"logo\":{\"@type\":\"ImageObject\",\"inLanguage\":\"pl-PL\",\"@id\":\"https:\\\/\\\/www.eco-nova.de\\\/#\\\/schema\\\/logo\\\/image\\\/\",\"url\":\"https:\\\/\\\/www.eco-nova.de\\\/wp-content\\\/uploads\\\/2023\\\/09\\\/2022-ECO-NOVA-Wort-Bildmarke-RGB_Zeichenflaeche-1.jpg\",\"contentUrl\":\"https:\\\/\\\/www.eco-nova.de\\\/wp-content\\\/uploads\\\/2023\\\/09\\\/2022-ECO-NOVA-Wort-Bildmarke-RGB_Zeichenflaeche-1.jpg\",\"width\":2251,\"height\":2251,\"caption\":\"ECO-NOVA GmbH\"},\"image\":{\"@id\":\"https:\\\/\\\/www.eco-nova.de\\\/#\\\/schema\\\/logo\\\/image\\\/\"},\"sameAs\":[\"https:\\\/\\\/www.facebook.com\\\/econovagmbh\\\/\",\"https:\\\/\\\/www.linkedin.com\\\/company\\\/eco-nova-gmbh\\\/\",\"https:\\\/\\\/www.youtube.com\\\/@eco-novagmbh\",\"https:\\\/\\\/www.instagram.com\\\/eco_nova.de\\\/\"],\"description\":\"Eco-Nova unterst\u00fctzt und ber\u00e4t produzierende und industrielle Betriebe bei Reinigungsproblemen. Eco-Nova ist dabei Hersteller von Industriereinigern und vertreibt diese aus eigener Herstellung.\",\"email\":\"info@eco-nova.de\",\"telephone\":\"05923 99 36 0\",\"legalName\":\"Eco-Nova Handelsgesellschaft mbH\",\"foundingDate\":\"1993-10-01\",\"vatID\":\"DE160232502\",\"taxID\":\"55\\\/201\\\/39713\"},{\"@type\":\"Person\",\"@id\":\"https:\\\/\\\/www.eco-nova.de\\\/#\\\/schema\\\/person\\\/9707d85983a52e4e74aab7a922ef2bcd\",\"name\":\"Stefan Bertels\",\"image\":{\"@type\":\"ImageObject\",\"inLanguage\":\"pl-PL\",\"@id\":\"https:\\\/\\\/secure.gravatar.com\\\/avatar\\\/4b73bdcd3089ecffa6d75e5b2421d35947fbec142d85f6c012e5dc9f4c68656b?s=96&d=mm&r=g\",\"url\":\"https:\\\/\\\/secure.gravatar.com\\\/avatar\\\/4b73bdcd3089ecffa6d75e5b2421d35947fbec142d85f6c012e5dc9f4c68656b?s=96&d=mm&r=g\",\"contentUrl\":\"https:\\\/\\\/secure.gravatar.com\\\/avatar\\\/4b73bdcd3089ecffa6d75e5b2421d35947fbec142d85f6c012e5dc9f4c68656b?s=96&d=mm&r=g\",\"caption\":\"Stefan Bertels\"}}]}<\/script>\n<!-- \/ Yoast SEO Premium plugin. -->","yoast_head_json":{"title":"Eco-Nova: Umo\u017cliwienie wymiany niemiecko-holenderskiej - Eco Nova","description":"Eco-Nova anga\u017cuje si\u0119 w wymian\u0119 niemiecko-holendersk\u0105. Wyk\u0142ad Rudiego de Leeuw w Dutch School Pro German Language","robots":{"index":"index","follow":"follow","max-snippet":"max-snippet:-1","max-image-preview":"max-image-preview:large","max-video-preview":"max-video-preview:-1"},"canonical":"https:\/\/www.eco-nova.de\/pl\/eco-nova-engagiert-sich-fuer-den-deutsch-niederlaendischen-austausch\/","og_locale":"pl_PL","og_type":"article","og_title":"Eco-Nova engagiert sich f\u00fcr den Deutsch-Niederl\u00e4ndischen Austausch: Chancen nicht verpassen","og_description":"Eco-Nova engagiert sich f\u00fcr den Deutsch-Niederl\u00e4ndischen Austausch. F\u00fcr erfolgreiche Karrierechancen sind gute Deutschkenntnisse unverzichtbar!","og_url":"https:\/\/www.eco-nova.de\/pl\/eco-nova-engagiert-sich-fuer-den-deutsch-niederlaendischen-austausch\/","og_site_name":"Eco Nova","article_publisher":"https:\/\/www.facebook.com\/econovagmbh\/","article_published_time":"2024-01-23T14:37:32+00:00","article_modified_time":"2024-01-24T08:27:19+00:00","og_image":[{"width":2240,"height":1260,"url":"https:\/\/www.eco-nova.de\/wp-content\/uploads\/2024\/01\/deutsch-holland-niederlande.jpg","type":"image\/jpeg"}],"author":"Stefan Bertels","twitter_card":"summary_large_image","twitter_title":"Eco-Nova engagiert sich f\u00fcr den Deutsch-Niederl\u00e4ndischen Austausch","twitter_misc":{"Napisane przez":"Stefan Bertels","Szacowany czas czytania":"3 minuty"},"schema":{"@context":"https:\/\/schema.org","@graph":[{"@type":"Article","@id":"https:\/\/www.eco-nova.de\/eco-nova-engagiert-sich-fuer-den-deutsch-niederlaendischen-austausch\/#article","isPartOf":{"@id":"https:\/\/www.eco-nova.de\/eco-nova-engagiert-sich-fuer-den-deutsch-niederlaendischen-austausch\/"},"author":{"name":"Stefan Bertels","@id":"https:\/\/www.eco-nova.de\/#\/schema\/person\/9707d85983a52e4e74aab7a922ef2bcd"},"headline":"Eco-Nova engagiert sich f\u00fcr den Deutsch-Niederl\u00e4ndischen Austausch","datePublished":"2024-01-23T14:37:32+00:00","dateModified":"2024-01-24T08:27:19+00:00","mainEntityOfPage":{"@id":"https:\/\/www.eco-nova.de\/eco-nova-engagiert-sich-fuer-den-deutsch-niederlaendischen-austausch\/"},"wordCount":322,"publisher":{"@id":"https:\/\/www.eco-nova.de\/#organization"},"image":{"@id":"https:\/\/www.eco-nova.de\/eco-nova-engagiert-sich-fuer-den-deutsch-niederlaendischen-austausch\/#primaryimage"},"thumbnailUrl":"https:\/\/www.eco-nova.de\/wp-content\/uploads\/2024\/01\/deutsch-holland-niederlande.jpg","articleSection":["Neuigkeiten"],"inLanguage":"pl-PL"},{"@type":"WebPage","@id":"https:\/\/www.eco-nova.de\/eco-nova-engagiert-sich-fuer-den-deutsch-niederlaendischen-austausch\/","url":"https:\/\/www.eco-nova.de\/eco-nova-engagiert-sich-fuer-den-deutsch-niederlaendischen-austausch\/","name":"Eco-Nova: Umo\u017cliwienie wymiany niemiecko-holenderskiej - Eco Nova","isPartOf":{"@id":"https:\/\/www.eco-nova.de\/#website"},"primaryImageOfPage":{"@id":"https:\/\/www.eco-nova.de\/eco-nova-engagiert-sich-fuer-den-deutsch-niederlaendischen-austausch\/#primaryimage"},"image":{"@id":"https:\/\/www.eco-nova.de\/eco-nova-engagiert-sich-fuer-den-deutsch-niederlaendischen-austausch\/#primaryimage"},"thumbnailUrl":"https:\/\/www.eco-nova.de\/wp-content\/uploads\/2024\/01\/deutsch-holland-niederlande.jpg","datePublished":"2024-01-23T14:37:32+00:00","dateModified":"2024-01-24T08:27:19+00:00","description":"Eco-Nova anga\u017cuje si\u0119 w wymian\u0119 niemiecko-holendersk\u0105. Wyk\u0142ad Rudiego de Leeuw w Dutch School Pro German Language","breadcrumb":{"@id":"https:\/\/www.eco-nova.de\/eco-nova-engagiert-sich-fuer-den-deutsch-niederlaendischen-austausch\/#breadcrumb"},"inLanguage":"pl-PL","potentialAction":[{"@type":"ReadAction","target":["https:\/\/www.eco-nova.de\/eco-nova-engagiert-sich-fuer-den-deutsch-niederlaendischen-austausch\/"]}]},{"@type":"ImageObject","inLanguage":"pl-PL","@id":"https:\/\/www.eco-nova.de\/eco-nova-engagiert-sich-fuer-den-deutsch-niederlaendischen-austausch\/#primaryimage","url":"https:\/\/www.eco-nova.de\/wp-content\/uploads\/2024\/01\/deutsch-holland-niederlande.jpg","contentUrl":"https:\/\/www.eco-nova.de\/wp-content\/uploads\/2024\/01\/deutsch-holland-niederlande.jpg","width":2240,"height":1260},{"@type":"BreadcrumbList","@id":"https:\/\/www.eco-nova.de\/eco-nova-engagiert-sich-fuer-den-deutsch-niederlaendischen-austausch\/#breadcrumb","itemListElement":[{"@type":"ListItem","position":1,"name":"Startseite","item":"https:\/\/www.eco-nova.de\/"},{"@type":"ListItem","position":2,"name":"Eco-Nova engagiert sich f\u00fcr den Deutsch-Niederl\u00e4ndischen Austausch"}]},{"@type":"WebSite","@id":"https:\/\/www.eco-nova.de\/#website","url":"https:\/\/www.eco-nova.de\/","name":"ECO-NOVA - Przemys\u0142owy \u015brodek czyszcz\u0105cy bez niebezpiecznych substancji","description":"Przemys\u0142owy \u015brodek czyszcz\u0105cy bez niebezpiecznych substancji","publisher":{"@id":"https:\/\/www.eco-nova.de\/#organization"},"alternateName":"Eco-Nova - Beratung und L\u00f6sung f\u00fcr industrielle Reinigungsprobleme","potentialAction":[{"@type":"SearchAction","target":{"@type":"EntryPoint","urlTemplate":"https:\/\/www.eco-nova.de\/?s={search_term_string}"},"query-input":{"@type":"PropertyValueSpecification","valueRequired":true,"valueName":"search_term_string"}}],"inLanguage":"pl-PL"},{"@type":"Organization","@id":"https:\/\/www.eco-nova.de\/#organization","name":"ECO-NOVA GmbH","alternateName":"Eco-Nova Handelsgesellschaft mbH","url":"https:\/\/www.eco-nova.de\/","logo":{"@type":"ImageObject","inLanguage":"pl-PL","@id":"https:\/\/www.eco-nova.de\/#\/schema\/logo\/image\/","url":"https:\/\/www.eco-nova.de\/wp-content\/uploads\/2023\/09\/2022-ECO-NOVA-Wort-Bildmarke-RGB_Zeichenflaeche-1.jpg","contentUrl":"https:\/\/www.eco-nova.de\/wp-content\/uploads\/2023\/09\/2022-ECO-NOVA-Wort-Bildmarke-RGB_Zeichenflaeche-1.jpg","width":2251,"height":2251,"caption":"ECO-NOVA GmbH"},"image":{"@id":"https:\/\/www.eco-nova.de\/#\/schema\/logo\/image\/"},"sameAs":["https:\/\/www.facebook.com\/econovagmbh\/","https:\/\/www.linkedin.com\/company\/eco-nova-gmbh\/","https:\/\/www.youtube.com\/@eco-novagmbh","https:\/\/www.instagram.com\/eco_nova.de\/"],"description":"Eco-Nova wspiera i doradza firmom produkcyjnym i przemys\u0142owym w zakresie problem\u00f3w zwi\u0105zanych z utrzymaniem czysto\u015bci. Eco-Nova jest producentem przemys\u0142owych \u015brodk\u00f3w czyszcz\u0105cych i sprzedaje je z w\u0142asnej produkcji.","email":"info@eco-nova.de","telephone":"05923 99 36 0","legalName":"Eco-Nova Handelsgesellschaft mbH","foundingDate":"1993-10-01","vatID":"DE160232502","taxID":"55\/201\/39713"},{"@type":"Person","@id":"https:\/\/www.eco-nova.de\/#\/schema\/person\/9707d85983a52e4e74aab7a922ef2bcd","name":"Stefan Bertels","image":{"@type":"ImageObject","inLanguage":"pl-PL","@id":"https:\/\/secure.gravatar.com\/avatar\/4b73bdcd3089ecffa6d75e5b2421d35947fbec142d85f6c012e5dc9f4c68656b?s=96&d=mm&r=g","url":"https:\/\/secure.gravatar.com\/avatar\/4b73bdcd3089ecffa6d75e5b2421d35947fbec142d85f6c012e5dc9f4c68656b?s=96&d=mm&r=g","contentUrl":"https:\/\/secure.gravatar.com\/avatar\/4b73bdcd3089ecffa6d75e5b2421d35947fbec142d85f6c012e5dc9f4c68656b?s=96&d=mm&r=g","caption":"Stefan Bertels"}}]}},"_links":{"self":[{"href":"https:\/\/www.eco-nova.de\/pl\/wp-json\/wp\/v2\/posts\/5195","targetHints":{"allow":["GET"]}}],"collection":[{"href":"https:\/\/www.eco-nova.de\/pl\/wp-json\/wp\/v2\/posts"}],"about":[{"href":"https:\/\/www.eco-nova.de\/pl\/wp-json\/wp\/v2\/types\/post"}],"author":[{"embeddable":true,"href":"https:\/\/www.eco-nova.de\/pl\/wp-json\/wp\/v2\/users\/3"}],"replies":[{"embeddable":true,"href":"https:\/\/www.eco-nova.de\/pl\/wp-json\/wp\/v2\/comments?post=5195"}],"version-history":[{"count":0,"href":"https:\/\/www.eco-nova.de\/pl\/wp-json\/wp\/v2\/posts\/5195\/revisions"}],"wp:featuredmedia":[{"embeddable":true,"href":"https:\/\/www.eco-nova.de\/pl\/wp-json\/wp\/v2\/media\/5196"}],"wp:attachment":[{"href":"https:\/\/www.eco-nova.de\/pl\/wp-json\/wp\/v2\/media?parent=5195"}],"wp:term":[{"taxonomy":"category","embeddable":true,"href":"https:\/\/www.eco-nova.de\/pl\/wp-json\/wp\/v2\/categories?post=5195"},{"taxonomy":"post_tag","embeddable":true,"href":"https:\/\/www.eco-nova.de\/pl\/wp-json\/wp\/v2\/tags?post=5195"}],"curies":[{"name":"wp","href":"https:\/\/api.w.org\/{rel}","templated":true}]}}