{"id":5020,"date":"2023-10-13T11:15:43","date_gmt":"2023-10-13T09:15:43","guid":{"rendered":"https:\/\/www.eco-nova.de\/?p=5020"},"modified":"2023-11-20T12:58:31","modified_gmt":"2023-11-20T11:58:31","slug":"unsere-neuen-label-das-aendert-sich","status":"publish","type":"post","link":"https:\/\/www.eco-nova.de\/pl\/unsere-neuen-label-das-aendert-sich\/","title":{"rendered":"Nasze nowe etykiety - co si\u0119 zmienia"},"content":{"rendered":"<p>Od 1 listopada nasze \u015brodki czyszcz\u0105ce s\u0105 wysy\u0142ane z nowymi etykietami. Nowe etykiety zosta\u0142y dostosowane do aktualnych wymaga\u0144 naszych klient\u00f3w. Zmiany obejmuj\u0105 nowy przejrzysty wygl\u0105d, bardziej kompaktowy uk\u0142ad i umieszczenie najwa\u017cniejszych w\u0142a\u015bciwo\u015bci w widocznych miejscach, dzi\u0119ki czemu najwa\u017cniejsze informacje o naszych \u015brodkach czyszcz\u0105cych mo\u017cna znale\u017a\u0107 bez konieczno\u015bci d\u0142ugiego wyszukiwania.<\/p>\n<p>Oto najwa\u017cniejsze zmiany w szczeg\u00f3\u0142ach:<\/p>\n<p><strong>Nowy format<\/strong><\/p>\n<p>Nasze stare etykiety mia\u0142y format 2:1. Format ten nie by\u0142 kompatybilny z ma\u0142ymi pojemnikami o pojemno\u015bci poni\u017cej 20 litr\u00f3w. Nasze nowe etykiety s\u0105 teraz kwadratowe. Pozwala nam to na etykietowanie znacznie wi\u0119kszej liczby pojemnik\u00f3w w znormalizowanym formacie, co oznacza, \u017ce u\u017cytkownicy zawsze mog\u0105 znale\u017a\u0107 informacje w tym samym miejscu na etykiecie, niezale\u017cnie od rozmiaru pojemnika.<\/p>\n<p><strong>Nowe piecz\u0119cie i symbole<\/strong><\/p>\n<p>Nasze nowe piecz\u0119cie i symbole pomagaj\u0105 szybko zidentyfikowa\u0107, jakie w\u0142a\u015bciwo\u015bci i certyfikaty spe\u0142nia dany \u015brodek czyszcz\u0105cy. Opr\u00f3cz piecz\u0119ci testowych, np. ISEGA lub NSF dotycz\u0105cych bezpiecze\u0144stwa \u017cywno\u015bci, na etykietach umieszczane s\u0105 r\u00f3wnie\u017c nasze piecz\u0119cie ECO-NOVA dotycz\u0105ce zr\u00f3wnowa\u017conego rozwoju, zawarto\u015bci LZO i innych. Wi\u0119cej informacji na temat naszych piecz\u0119ci ECO-NOVA mo\u017cna znale\u017a\u0107 na stronie\u00a0<a href=\"https:\/\/www.eco-nova.de\/pl\/industriereiniger\/\">Przemys\u0142owy \u015brodek czyszcz\u0105cy<\/a><\/p>\n<p><strong>Wa\u017cna zawarto\u015b\u0107<\/strong><\/p>\n<p>Szczeg\u00f3lnie wa\u017cne by\u0142o dla nas umieszczenie najwa\u017cniejszych informacji w widocznym miejscu. Zadali\u015bmy wi\u0119c sobie pytanie, jakie pytania zadajesz podczas korzystania z przemys\u0142owego \u015brodka czyszcz\u0105cego? Nasze odpowiedzi brzmia\u0142y: Jakiego rodzaju zabrudzenia chc\u0119 wyczy\u015bci\u0107 i za pomoc\u0105 jakiego procesu lub z jakiej powierzchni chc\u0119 je usun\u0105\u0107? Te dwie informacje s\u0105 zatem wyra\u017anie widoczne na nowych etykietach.<\/p>\n<p><strong>Uwagi<\/strong><\/p>\n<p>Opr\u00f3cz wymaganych prawem informacji, zapewniamy dodatkowe instrukcje dotycz\u0105ce korzystania z naszych \u015brodk\u00f3w czyszcz\u0105cych. Wszystkie instrukcje s\u0105 wymienione w oddzielnym obszarze po prawej stronie etykiety, dzi\u0119ki czemu mo\u017cna je szybko i \u0142atwo znale\u017a\u0107.<\/p>","protected":false},"excerpt":{"rendered":"<p>Seit dem 01.11. werden unsere Reiniger mit neuen Labeln verschickt. Die neuen Label wurden an die aktuellen Anforderungen unserer Kunden angepasst. Zu den \u00c4nderungen geh\u00f6ren ein neues \u00fcbersichtliches Design, ein kompakteres Layout und die Platzierung der wichtigsten Eigenschaften an prominenten Stellen, sodass ohne langes Suchen das wichtigste \u00fcber unseren Reiniger gefunden werden kann. Das sind [&hellip;]<\/p>\n","protected":false},"author":3,"featured_media":5022,"comment_status":"closed","ping_status":"closed","sticky":false,"template":"","format":"standard","meta":{"_acf_changed":false,"footnotes":""},"categories":[182],"tags":[],"class_list":["post-5020","post","type-post","status-publish","format-standard","has-post-thumbnail","hentry","category-neuigkeiten"],"acf":[],"yoast_head":"<!-- This site is optimized with the Yoast SEO Premium plugin v27.2 (Yoast SEO v27.5) - https:\/\/yoast.com\/product\/yoast-seo-premium-wordpress\/ -->\n<title>Neue Etikette f\u00fcr Eco-Nova Industriereiniger - Das ist neu<\/title>\n<meta name=\"robots\" content=\"index, follow, max-snippet:-1, max-image-preview:large, max-video-preview:-1\" \/>\n<link rel=\"canonical\" href=\"https:\/\/www.eco-nova.de\/pl\/unsere-neuen-label-das-aendert-sich\/\" \/>\n<meta property=\"og:locale\" content=\"pl_PL\" \/>\n<meta property=\"og:type\" content=\"article\" \/>\n<meta property=\"og:title\" content=\"Unsere neuen Label - Das \u00e4ndert sich\" \/>\n<meta property=\"og:description\" content=\"Seit dem 01.11. werden unsere Reiniger mit neuen Labeln verschickt. Die neuen Label wurden an die aktuellen Anforderungen unserer Kunden angepasst. Zu den \u00c4nderungen geh\u00f6ren ein neues \u00fcbersichtliches Design, ein kompakteres Layout und die Platzierung der wichtigsten Eigenschaften an prominenten Stellen, sodass ohne langes Suchen das wichtigste \u00fcber unseren Reiniger gefunden werden kann. Das sind [&hellip;]\" \/>\n<meta property=\"og:url\" content=\"https:\/\/www.eco-nova.de\/pl\/unsere-neuen-label-das-aendert-sich\/\" \/>\n<meta property=\"og:site_name\" content=\"Eco Nova\" \/>\n<meta property=\"article:publisher\" content=\"https:\/\/www.facebook.com\/econovagmbh\/\" \/>\n<meta property=\"article:published_time\" content=\"2023-10-13T09:15:43+00:00\" \/>\n<meta property=\"article:modified_time\" content=\"2023-11-20T11:58:31+00:00\" \/>\n<meta property=\"og:image\" content=\"https:\/\/www.eco-nova.de\/wp-content\/uploads\/2023\/10\/NeueLabel_Blog-1.jpg\" \/>\n\t<meta property=\"og:image:width\" content=\"2240\" \/>\n\t<meta property=\"og:image:height\" content=\"1260\" \/>\n\t<meta property=\"og:image:type\" content=\"image\/jpeg\" \/>\n<meta name=\"author\" content=\"Stefan Bertels\" \/>\n<meta name=\"twitter:card\" content=\"summary_large_image\" \/>\n<meta name=\"twitter:label1\" content=\"Napisane przez\" \/>\n\t<meta name=\"twitter:data1\" content=\"Stefan Bertels\" \/>\n\t<meta name=\"twitter:label2\" content=\"Szacowany czas czytania\" \/>\n\t<meta name=\"twitter:data2\" content=\"2 minuty\" \/>\n<script type=\"application\/ld+json\" class=\"yoast-schema-graph\">{\"@context\":\"https:\\\/\\\/schema.org\",\"@graph\":[{\"@type\":\"Article\",\"@id\":\"https:\\\/\\\/www.eco-nova.de\\\/unsere-neuen-label-das-aendert-sich\\\/#article\",\"isPartOf\":{\"@id\":\"https:\\\/\\\/www.eco-nova.de\\\/unsere-neuen-label-das-aendert-sich\\\/\"},\"author\":{\"name\":\"Stefan Bertels\",\"@id\":\"https:\\\/\\\/www.eco-nova.de\\\/#\\\/schema\\\/person\\\/9707d85983a52e4e74aab7a922ef2bcd\"},\"headline\":\"Unsere neuen Label &#8211; Das \u00e4ndert sich\",\"datePublished\":\"2023-10-13T09:15:43+00:00\",\"dateModified\":\"2023-11-20T11:58:31+00:00\",\"mainEntityOfPage\":{\"@id\":\"https:\\\/\\\/www.eco-nova.de\\\/unsere-neuen-label-das-aendert-sich\\\/\"},\"wordCount\":285,\"publisher\":{\"@id\":\"https:\\\/\\\/www.eco-nova.de\\\/#organization\"},\"image\":{\"@id\":\"https:\\\/\\\/www.eco-nova.de\\\/unsere-neuen-label-das-aendert-sich\\\/#primaryimage\"},\"thumbnailUrl\":\"https:\\\/\\\/www.eco-nova.de\\\/wp-content\\\/uploads\\\/2023\\\/10\\\/NeueLabel_Blog-1.jpg\",\"articleSection\":[\"Neuigkeiten\"],\"inLanguage\":\"pl-PL\"},{\"@type\":\"WebPage\",\"@id\":\"https:\\\/\\\/www.eco-nova.de\\\/unsere-neuen-label-das-aendert-sich\\\/\",\"url\":\"https:\\\/\\\/www.eco-nova.de\\\/unsere-neuen-label-das-aendert-sich\\\/\",\"name\":\"Neue Etikette f\u00fcr Eco-Nova Industriereiniger - Das ist neu\",\"isPartOf\":{\"@id\":\"https:\\\/\\\/www.eco-nova.de\\\/#website\"},\"primaryImageOfPage\":{\"@id\":\"https:\\\/\\\/www.eco-nova.de\\\/unsere-neuen-label-das-aendert-sich\\\/#primaryimage\"},\"image\":{\"@id\":\"https:\\\/\\\/www.eco-nova.de\\\/unsere-neuen-label-das-aendert-sich\\\/#primaryimage\"},\"thumbnailUrl\":\"https:\\\/\\\/www.eco-nova.de\\\/wp-content\\\/uploads\\\/2023\\\/10\\\/NeueLabel_Blog-1.jpg\",\"datePublished\":\"2023-10-13T09:15:43+00:00\",\"dateModified\":\"2023-11-20T11:58:31+00:00\",\"breadcrumb\":{\"@id\":\"https:\\\/\\\/www.eco-nova.de\\\/unsere-neuen-label-das-aendert-sich\\\/#breadcrumb\"},\"inLanguage\":\"pl-PL\",\"potentialAction\":[{\"@type\":\"ReadAction\",\"target\":[\"https:\\\/\\\/www.eco-nova.de\\\/unsere-neuen-label-das-aendert-sich\\\/\"]}]},{\"@type\":\"ImageObject\",\"inLanguage\":\"pl-PL\",\"@id\":\"https:\\\/\\\/www.eco-nova.de\\\/unsere-neuen-label-das-aendert-sich\\\/#primaryimage\",\"url\":\"https:\\\/\\\/www.eco-nova.de\\\/wp-content\\\/uploads\\\/2023\\\/10\\\/NeueLabel_Blog-1.jpg\",\"contentUrl\":\"https:\\\/\\\/www.eco-nova.de\\\/wp-content\\\/uploads\\\/2023\\\/10\\\/NeueLabel_Blog-1.jpg\",\"width\":2240,\"height\":1260},{\"@type\":\"BreadcrumbList\",\"@id\":\"https:\\\/\\\/www.eco-nova.de\\\/unsere-neuen-label-das-aendert-sich\\\/#breadcrumb\",\"itemListElement\":[{\"@type\":\"ListItem\",\"position\":1,\"name\":\"Startseite\",\"item\":\"https:\\\/\\\/www.eco-nova.de\\\/\"},{\"@type\":\"ListItem\",\"position\":2,\"name\":\"Unsere neuen Label &#8211; Das \u00e4ndert sich\"}]},{\"@type\":\"WebSite\",\"@id\":\"https:\\\/\\\/www.eco-nova.de\\\/#website\",\"url\":\"https:\\\/\\\/www.eco-nova.de\\\/\",\"name\":\"ECO-NOVA - Industriereiniger ohne Gefahrstoffe\",\"description\":\"Industriereiniger ohne Gefahrstoffe\",\"publisher\":{\"@id\":\"https:\\\/\\\/www.eco-nova.de\\\/#organization\"},\"alternateName\":\"Eco-Nova - Beratung und L\u00f6sung f\u00fcr industrielle Reinigungsprobleme\",\"potentialAction\":[{\"@type\":\"SearchAction\",\"target\":{\"@type\":\"EntryPoint\",\"urlTemplate\":\"https:\\\/\\\/www.eco-nova.de\\\/?s={search_term_string}\"},\"query-input\":{\"@type\":\"PropertyValueSpecification\",\"valueRequired\":true,\"valueName\":\"search_term_string\"}}],\"inLanguage\":\"pl-PL\"},{\"@type\":\"Organization\",\"@id\":\"https:\\\/\\\/www.eco-nova.de\\\/#organization\",\"name\":\"ECO-NOVA GmbH\",\"alternateName\":\"Eco-Nova Handelsgesellschaft mbH\",\"url\":\"https:\\\/\\\/www.eco-nova.de\\\/\",\"logo\":{\"@type\":\"ImageObject\",\"inLanguage\":\"pl-PL\",\"@id\":\"https:\\\/\\\/www.eco-nova.de\\\/#\\\/schema\\\/logo\\\/image\\\/\",\"url\":\"https:\\\/\\\/www.eco-nova.de\\\/wp-content\\\/uploads\\\/2023\\\/09\\\/2022-ECO-NOVA-Wort-Bildmarke-RGB_Zeichenflaeche-1.jpg\",\"contentUrl\":\"https:\\\/\\\/www.eco-nova.de\\\/wp-content\\\/uploads\\\/2023\\\/09\\\/2022-ECO-NOVA-Wort-Bildmarke-RGB_Zeichenflaeche-1.jpg\",\"width\":2251,\"height\":2251,\"caption\":\"ECO-NOVA GmbH\"},\"image\":{\"@id\":\"https:\\\/\\\/www.eco-nova.de\\\/#\\\/schema\\\/logo\\\/image\\\/\"},\"sameAs\":[\"https:\\\/\\\/www.facebook.com\\\/econovagmbh\\\/\",\"https:\\\/\\\/www.linkedin.com\\\/company\\\/eco-nova-gmbh\\\/\",\"https:\\\/\\\/www.youtube.com\\\/@eco-novagmbh\",\"https:\\\/\\\/www.instagram.com\\\/eco_nova.de\\\/\"],\"description\":\"Eco-Nova unterst\u00fctzt und ber\u00e4t produzierende und industrielle Betriebe bei Reinigungsproblemen. Eco-Nova ist dabei Hersteller von Industriereinigern und vertreibt diese aus eigener Herstellung.\",\"email\":\"info@eco-nova.de\",\"telephone\":\"05923 99 36 0\",\"legalName\":\"Eco-Nova Handelsgesellschaft mbH\",\"foundingDate\":\"1993-10-01\",\"vatID\":\"DE160232502\",\"taxID\":\"55\\\/201\\\/39713\"},{\"@type\":\"Person\",\"@id\":\"https:\\\/\\\/www.eco-nova.de\\\/#\\\/schema\\\/person\\\/9707d85983a52e4e74aab7a922ef2bcd\",\"name\":\"Stefan Bertels\",\"image\":{\"@type\":\"ImageObject\",\"inLanguage\":\"pl-PL\",\"@id\":\"https:\\\/\\\/secure.gravatar.com\\\/avatar\\\/4b73bdcd3089ecffa6d75e5b2421d35947fbec142d85f6c012e5dc9f4c68656b?s=96&d=mm&r=g\",\"url\":\"https:\\\/\\\/secure.gravatar.com\\\/avatar\\\/4b73bdcd3089ecffa6d75e5b2421d35947fbec142d85f6c012e5dc9f4c68656b?s=96&d=mm&r=g\",\"contentUrl\":\"https:\\\/\\\/secure.gravatar.com\\\/avatar\\\/4b73bdcd3089ecffa6d75e5b2421d35947fbec142d85f6c012e5dc9f4c68656b?s=96&d=mm&r=g\",\"caption\":\"Stefan Bertels\"}}]}<\/script>\n<!-- \/ Yoast SEO Premium plugin. -->","yoast_head_json":{"title":"Nowe etykiety dla przemys\u0142owych \u015brodk\u00f3w czyszcz\u0105cych Eco-Nova - Co nowego?","robots":{"index":"index","follow":"follow","max-snippet":"max-snippet:-1","max-image-preview":"max-image-preview:large","max-video-preview":"max-video-preview:-1"},"canonical":"https:\/\/www.eco-nova.de\/pl\/unsere-neuen-label-das-aendert-sich\/","og_locale":"pl_PL","og_type":"article","og_title":"Unsere neuen Label - Das \u00e4ndert sich","og_description":"Seit dem 01.11. werden unsere Reiniger mit neuen Labeln verschickt. Die neuen Label wurden an die aktuellen Anforderungen unserer Kunden angepasst. Zu den \u00c4nderungen geh\u00f6ren ein neues \u00fcbersichtliches Design, ein kompakteres Layout und die Platzierung der wichtigsten Eigenschaften an prominenten Stellen, sodass ohne langes Suchen das wichtigste \u00fcber unseren Reiniger gefunden werden kann. Das sind [&hellip;]","og_url":"https:\/\/www.eco-nova.de\/pl\/unsere-neuen-label-das-aendert-sich\/","og_site_name":"Eco Nova","article_publisher":"https:\/\/www.facebook.com\/econovagmbh\/","article_published_time":"2023-10-13T09:15:43+00:00","article_modified_time":"2023-11-20T11:58:31+00:00","og_image":[{"width":2240,"height":1260,"url":"https:\/\/www.eco-nova.de\/wp-content\/uploads\/2023\/10\/NeueLabel_Blog-1.jpg","type":"image\/jpeg"}],"author":"Stefan Bertels","twitter_card":"summary_large_image","twitter_misc":{"Napisane przez":"Stefan Bertels","Szacowany czas czytania":"2 minuty"},"schema":{"@context":"https:\/\/schema.org","@graph":[{"@type":"Article","@id":"https:\/\/www.eco-nova.de\/unsere-neuen-label-das-aendert-sich\/#article","isPartOf":{"@id":"https:\/\/www.eco-nova.de\/unsere-neuen-label-das-aendert-sich\/"},"author":{"name":"Stefan Bertels","@id":"https:\/\/www.eco-nova.de\/#\/schema\/person\/9707d85983a52e4e74aab7a922ef2bcd"},"headline":"Unsere neuen Label &#8211; Das \u00e4ndert sich","datePublished":"2023-10-13T09:15:43+00:00","dateModified":"2023-11-20T11:58:31+00:00","mainEntityOfPage":{"@id":"https:\/\/www.eco-nova.de\/unsere-neuen-label-das-aendert-sich\/"},"wordCount":285,"publisher":{"@id":"https:\/\/www.eco-nova.de\/#organization"},"image":{"@id":"https:\/\/www.eco-nova.de\/unsere-neuen-label-das-aendert-sich\/#primaryimage"},"thumbnailUrl":"https:\/\/www.eco-nova.de\/wp-content\/uploads\/2023\/10\/NeueLabel_Blog-1.jpg","articleSection":["Neuigkeiten"],"inLanguage":"pl-PL"},{"@type":"WebPage","@id":"https:\/\/www.eco-nova.de\/unsere-neuen-label-das-aendert-sich\/","url":"https:\/\/www.eco-nova.de\/unsere-neuen-label-das-aendert-sich\/","name":"Nowe etykiety dla przemys\u0142owych \u015brodk\u00f3w czyszcz\u0105cych Eco-Nova - Co nowego?","isPartOf":{"@id":"https:\/\/www.eco-nova.de\/#website"},"primaryImageOfPage":{"@id":"https:\/\/www.eco-nova.de\/unsere-neuen-label-das-aendert-sich\/#primaryimage"},"image":{"@id":"https:\/\/www.eco-nova.de\/unsere-neuen-label-das-aendert-sich\/#primaryimage"},"thumbnailUrl":"https:\/\/www.eco-nova.de\/wp-content\/uploads\/2023\/10\/NeueLabel_Blog-1.jpg","datePublished":"2023-10-13T09:15:43+00:00","dateModified":"2023-11-20T11:58:31+00:00","breadcrumb":{"@id":"https:\/\/www.eco-nova.de\/unsere-neuen-label-das-aendert-sich\/#breadcrumb"},"inLanguage":"pl-PL","potentialAction":[{"@type":"ReadAction","target":["https:\/\/www.eco-nova.de\/unsere-neuen-label-das-aendert-sich\/"]}]},{"@type":"ImageObject","inLanguage":"pl-PL","@id":"https:\/\/www.eco-nova.de\/unsere-neuen-label-das-aendert-sich\/#primaryimage","url":"https:\/\/www.eco-nova.de\/wp-content\/uploads\/2023\/10\/NeueLabel_Blog-1.jpg","contentUrl":"https:\/\/www.eco-nova.de\/wp-content\/uploads\/2023\/10\/NeueLabel_Blog-1.jpg","width":2240,"height":1260},{"@type":"BreadcrumbList","@id":"https:\/\/www.eco-nova.de\/unsere-neuen-label-das-aendert-sich\/#breadcrumb","itemListElement":[{"@type":"ListItem","position":1,"name":"Startseite","item":"https:\/\/www.eco-nova.de\/"},{"@type":"ListItem","position":2,"name":"Unsere neuen Label &#8211; Das \u00e4ndert sich"}]},{"@type":"WebSite","@id":"https:\/\/www.eco-nova.de\/#website","url":"https:\/\/www.eco-nova.de\/","name":"ECO-NOVA - Przemys\u0142owy \u015brodek czyszcz\u0105cy bez niebezpiecznych substancji","description":"Przemys\u0142owy \u015brodek czyszcz\u0105cy bez niebezpiecznych substancji","publisher":{"@id":"https:\/\/www.eco-nova.de\/#organization"},"alternateName":"Eco-Nova - Beratung und L\u00f6sung f\u00fcr industrielle Reinigungsprobleme","potentialAction":[{"@type":"SearchAction","target":{"@type":"EntryPoint","urlTemplate":"https:\/\/www.eco-nova.de\/?s={search_term_string}"},"query-input":{"@type":"PropertyValueSpecification","valueRequired":true,"valueName":"search_term_string"}}],"inLanguage":"pl-PL"},{"@type":"Organization","@id":"https:\/\/www.eco-nova.de\/#organization","name":"ECO-NOVA GmbH","alternateName":"Eco-Nova Handelsgesellschaft mbH","url":"https:\/\/www.eco-nova.de\/","logo":{"@type":"ImageObject","inLanguage":"pl-PL","@id":"https:\/\/www.eco-nova.de\/#\/schema\/logo\/image\/","url":"https:\/\/www.eco-nova.de\/wp-content\/uploads\/2023\/09\/2022-ECO-NOVA-Wort-Bildmarke-RGB_Zeichenflaeche-1.jpg","contentUrl":"https:\/\/www.eco-nova.de\/wp-content\/uploads\/2023\/09\/2022-ECO-NOVA-Wort-Bildmarke-RGB_Zeichenflaeche-1.jpg","width":2251,"height":2251,"caption":"ECO-NOVA GmbH"},"image":{"@id":"https:\/\/www.eco-nova.de\/#\/schema\/logo\/image\/"},"sameAs":["https:\/\/www.facebook.com\/econovagmbh\/","https:\/\/www.linkedin.com\/company\/eco-nova-gmbh\/","https:\/\/www.youtube.com\/@eco-novagmbh","https:\/\/www.instagram.com\/eco_nova.de\/"],"description":"Eco-Nova wspiera i doradza firmom produkcyjnym i przemys\u0142owym w zakresie problem\u00f3w zwi\u0105zanych z utrzymaniem czysto\u015bci. Eco-Nova jest producentem przemys\u0142owych \u015brodk\u00f3w czyszcz\u0105cych i sprzedaje je z w\u0142asnej produkcji.","email":"info@eco-nova.de","telephone":"05923 99 36 0","legalName":"Eco-Nova Handelsgesellschaft mbH","foundingDate":"1993-10-01","vatID":"DE160232502","taxID":"55\/201\/39713"},{"@type":"Person","@id":"https:\/\/www.eco-nova.de\/#\/schema\/person\/9707d85983a52e4e74aab7a922ef2bcd","name":"Stefan Bertels","image":{"@type":"ImageObject","inLanguage":"pl-PL","@id":"https:\/\/secure.gravatar.com\/avatar\/4b73bdcd3089ecffa6d75e5b2421d35947fbec142d85f6c012e5dc9f4c68656b?s=96&d=mm&r=g","url":"https:\/\/secure.gravatar.com\/avatar\/4b73bdcd3089ecffa6d75e5b2421d35947fbec142d85f6c012e5dc9f4c68656b?s=96&d=mm&r=g","contentUrl":"https:\/\/secure.gravatar.com\/avatar\/4b73bdcd3089ecffa6d75e5b2421d35947fbec142d85f6c012e5dc9f4c68656b?s=96&d=mm&r=g","caption":"Stefan Bertels"}}]}},"_links":{"self":[{"href":"https:\/\/www.eco-nova.de\/pl\/wp-json\/wp\/v2\/posts\/5020","targetHints":{"allow":["GET"]}}],"collection":[{"href":"https:\/\/www.eco-nova.de\/pl\/wp-json\/wp\/v2\/posts"}],"about":[{"href":"https:\/\/www.eco-nova.de\/pl\/wp-json\/wp\/v2\/types\/post"}],"author":[{"embeddable":true,"href":"https:\/\/www.eco-nova.de\/pl\/wp-json\/wp\/v2\/users\/3"}],"replies":[{"embeddable":true,"href":"https:\/\/www.eco-nova.de\/pl\/wp-json\/wp\/v2\/comments?post=5020"}],"version-history":[{"count":0,"href":"https:\/\/www.eco-nova.de\/pl\/wp-json\/wp\/v2\/posts\/5020\/revisions"}],"wp:featuredmedia":[{"embeddable":true,"href":"https:\/\/www.eco-nova.de\/pl\/wp-json\/wp\/v2\/media\/5022"}],"wp:attachment":[{"href":"https:\/\/www.eco-nova.de\/pl\/wp-json\/wp\/v2\/media?parent=5020"}],"wp:term":[{"taxonomy":"category","embeddable":true,"href":"https:\/\/www.eco-nova.de\/pl\/wp-json\/wp\/v2\/categories?post=5020"},{"taxonomy":"post_tag","embeddable":true,"href":"https:\/\/www.eco-nova.de\/pl\/wp-json\/wp\/v2\/tags?post=5020"}],"curies":[{"name":"wp","href":"https:\/\/api.w.org\/{rel}","templated":true}]}}