{"id":1640,"date":"2022-03-03T15:26:07","date_gmt":"2022-03-03T14:26:07","guid":{"rendered":"https:\/\/www.eco-nova.de\/?p=1640"},"modified":"2023-09-19T15:04:08","modified_gmt":"2023-09-19T13:04:08","slug":"krieg-in-der-ukraine","status":"publish","type":"post","link":"https:\/\/www.eco-nova.de\/pl\/krieg-in-der-ukraine\/","title":{"rendered":"Wojna w Ukrainie wp\u0142ywa na nas wszystkich"},"content":{"rendered":"<p>Nasz zesp\u00f3\u0142 codziennie \u015bledzi wydarzenia w Ukrainie i solidaryzujemy si\u0119 z Ukrai\u0144cami. Martwimy si\u0119 o ludno\u015b\u0107 cywiln\u0105 na miejscu, ludzi w ucieczce i odwa\u017cnych ludzi, kt\u00f3rzy tak dzielnie walcz\u0105 z przewag\u0105 Rosji.<\/p>\n<h2>Nasz zesp\u00f3\u0142 troszczy si\u0119 o ludzi na Ukrainie<\/h2>\n<p>Z ca\u0142\u0105 moc\u0105 pot\u0119piamy taki akt wojny przeciwko demokratycznemu i suwerennemu krajowi, kt\u00f3ry jest niezgodny z naszymi warto\u015bciami i zasadami. Zdecydowali\u015bmy si\u0119 nie kontynuowa\u0107 ani nie rozpoczyna\u0107 \u017cadnych dzia\u0142a\u0144 biznesowych z rosyjskimi firmami. Obecnie nie kupujemy \u017cadnych surowc\u00f3w z Rosji i nie b\u0119dziemy tego robi\u0107 w przysz\u0142o\u015bci. Mamy wszystkie sk\u0142adniki do naszych produkt\u00f3w Made in Germany w magazynie, a nasze \u0142a\u0144cuchy dostaw s\u0105 bezpieczne. B\u0119dziemy nadal niezawodnie zaopatrywa\u0107 naszych klient\u00f3w.<\/p>\n<p>Zesp\u00f3\u0142 Eco-Nova ma nadziej\u0119 na szybkie negocjacje pokojowe i szybkie zako\u0144czenie tej bezsensownej wojny.<\/p>\n<p><strong>#standwithraine<\/strong><\/p>","protected":false},"excerpt":{"rendered":"<p>Unser Team verfolgt t\u00e4glich die Geschehnisse in der Ukraine und die Ukrainer\/innen haben unser Mitgef\u00fchl. Wir machen uns Sorgen um die Zivilbev\u00f6lkerung vor Ort, die Menschen auf der Flucht und die mutigen Menschen, die sich gegen die \u00dcbermacht Russlands so tapfer wehren. Unser Team ist besorgt um die Menschen in der Ukraine Einen solchen kriegerischen [&hellip;]<\/p>\n","protected":false},"author":3,"featured_media":0,"comment_status":"closed","ping_status":"closed","sticky":false,"template":"","format":"standard","meta":{"_acf_changed":false,"footnotes":""},"categories":[1],"tags":[],"class_list":["post-1640","post","type-post","status-publish","format-standard","hentry","category-unkategorisiert"],"acf":[],"yoast_head":"<!-- This site is optimized with the Yoast SEO Premium plugin v27.2 (Yoast SEO v27.5) - https:\/\/yoast.com\/product\/yoast-seo-premium-wordpress\/ -->\n<title>Die Auswirkungen des Kriegs in der Ukraine<\/title>\n<meta name=\"robots\" content=\"index, follow, max-snippet:-1, max-image-preview:large, max-video-preview:-1\" \/>\n<link rel=\"canonical\" href=\"https:\/\/www.eco-nova.de\/pl\/krieg-in-der-ukraine\/\" \/>\n<meta property=\"og:locale\" content=\"pl_PL\" \/>\n<meta property=\"og:type\" content=\"article\" \/>\n<meta property=\"og:title\" content=\"Der Krieg in der Ukraine betrifft uns alle\" \/>\n<meta property=\"og:description\" content=\"Unser Team verfolgt t\u00e4glich die Geschehnisse in der Ukraine und die Ukrainer\/innen haben unser Mitgef\u00fchl. Wir machen uns Sorgen um die Zivilbev\u00f6lkerung vor Ort, die Menschen auf der Flucht und die mutigen Menschen, die sich gegen die \u00dcbermacht Russlands so tapfer wehren. Unser Team ist besorgt um die Menschen in der Ukraine Einen solchen kriegerischen [&hellip;]\" \/>\n<meta property=\"og:url\" content=\"https:\/\/www.eco-nova.de\/pl\/krieg-in-der-ukraine\/\" \/>\n<meta property=\"og:site_name\" content=\"Eco Nova\" \/>\n<meta property=\"article:publisher\" content=\"https:\/\/www.facebook.com\/econovagmbh\/\" \/>\n<meta property=\"article:published_time\" content=\"2022-03-03T14:26:07+00:00\" \/>\n<meta property=\"article:modified_time\" content=\"2023-09-19T13:04:08+00:00\" \/>\n<meta name=\"author\" content=\"Stefan Bertels\" \/>\n<meta name=\"twitter:card\" content=\"summary_large_image\" \/>\n<meta name=\"twitter:label1\" content=\"Napisane przez\" \/>\n\t<meta name=\"twitter:data1\" content=\"Stefan Bertels\" \/>\n\t<meta name=\"twitter:label2\" content=\"Szacowany czas czytania\" \/>\n\t<meta name=\"twitter:data2\" content=\"1 minuta\" \/>\n<script type=\"application\/ld+json\" class=\"yoast-schema-graph\">{\"@context\":\"https:\\\/\\\/schema.org\",\"@graph\":[{\"@type\":\"Article\",\"@id\":\"https:\\\/\\\/www.eco-nova.de\\\/krieg-in-der-ukraine\\\/#article\",\"isPartOf\":{\"@id\":\"https:\\\/\\\/www.eco-nova.de\\\/krieg-in-der-ukraine\\\/\"},\"author\":{\"name\":\"Stefan Bertels\",\"@id\":\"https:\\\/\\\/www.eco-nova.de\\\/#\\\/schema\\\/person\\\/9707d85983a52e4e74aab7a922ef2bcd\"},\"headline\":\"Der Krieg in der Ukraine betrifft uns alle\",\"datePublished\":\"2022-03-03T14:26:07+00:00\",\"dateModified\":\"2023-09-19T13:04:08+00:00\",\"mainEntityOfPage\":{\"@id\":\"https:\\\/\\\/www.eco-nova.de\\\/krieg-in-der-ukraine\\\/\"},\"wordCount\":165,\"publisher\":{\"@id\":\"https:\\\/\\\/www.eco-nova.de\\\/#organization\"},\"articleSection\":[\"Unkategorisiert\"],\"inLanguage\":\"pl-PL\"},{\"@type\":\"WebPage\",\"@id\":\"https:\\\/\\\/www.eco-nova.de\\\/krieg-in-der-ukraine\\\/\",\"url\":\"https:\\\/\\\/www.eco-nova.de\\\/krieg-in-der-ukraine\\\/\",\"name\":\"Die Auswirkungen des Kriegs in der Ukraine\",\"isPartOf\":{\"@id\":\"https:\\\/\\\/www.eco-nova.de\\\/#website\"},\"datePublished\":\"2022-03-03T14:26:07+00:00\",\"dateModified\":\"2023-09-19T13:04:08+00:00\",\"breadcrumb\":{\"@id\":\"https:\\\/\\\/www.eco-nova.de\\\/krieg-in-der-ukraine\\\/#breadcrumb\"},\"inLanguage\":\"pl-PL\",\"potentialAction\":[{\"@type\":\"ReadAction\",\"target\":[\"https:\\\/\\\/www.eco-nova.de\\\/krieg-in-der-ukraine\\\/\"]}]},{\"@type\":\"BreadcrumbList\",\"@id\":\"https:\\\/\\\/www.eco-nova.de\\\/krieg-in-der-ukraine\\\/#breadcrumb\",\"itemListElement\":[{\"@type\":\"ListItem\",\"position\":1,\"name\":\"Startseite\",\"item\":\"https:\\\/\\\/www.eco-nova.de\\\/\"},{\"@type\":\"ListItem\",\"position\":2,\"name\":\"Der Krieg in der Ukraine betrifft uns alle\"}]},{\"@type\":\"WebSite\",\"@id\":\"https:\\\/\\\/www.eco-nova.de\\\/#website\",\"url\":\"https:\\\/\\\/www.eco-nova.de\\\/\",\"name\":\"ECO-NOVA - Industriereiniger ohne Gefahrstoffe\",\"description\":\"Industriereiniger ohne Gefahrstoffe\",\"publisher\":{\"@id\":\"https:\\\/\\\/www.eco-nova.de\\\/#organization\"},\"alternateName\":\"Eco-Nova - Beratung und L\u00f6sung f\u00fcr industrielle Reinigungsprobleme\",\"potentialAction\":[{\"@type\":\"SearchAction\",\"target\":{\"@type\":\"EntryPoint\",\"urlTemplate\":\"https:\\\/\\\/www.eco-nova.de\\\/?s={search_term_string}\"},\"query-input\":{\"@type\":\"PropertyValueSpecification\",\"valueRequired\":true,\"valueName\":\"search_term_string\"}}],\"inLanguage\":\"pl-PL\"},{\"@type\":\"Organization\",\"@id\":\"https:\\\/\\\/www.eco-nova.de\\\/#organization\",\"name\":\"ECO-NOVA GmbH\",\"alternateName\":\"Eco-Nova Handelsgesellschaft mbH\",\"url\":\"https:\\\/\\\/www.eco-nova.de\\\/\",\"logo\":{\"@type\":\"ImageObject\",\"inLanguage\":\"pl-PL\",\"@id\":\"https:\\\/\\\/www.eco-nova.de\\\/#\\\/schema\\\/logo\\\/image\\\/\",\"url\":\"https:\\\/\\\/www.eco-nova.de\\\/wp-content\\\/uploads\\\/2023\\\/09\\\/2022-ECO-NOVA-Wort-Bildmarke-RGB_Zeichenflaeche-1.jpg\",\"contentUrl\":\"https:\\\/\\\/www.eco-nova.de\\\/wp-content\\\/uploads\\\/2023\\\/09\\\/2022-ECO-NOVA-Wort-Bildmarke-RGB_Zeichenflaeche-1.jpg\",\"width\":2251,\"height\":2251,\"caption\":\"ECO-NOVA GmbH\"},\"image\":{\"@id\":\"https:\\\/\\\/www.eco-nova.de\\\/#\\\/schema\\\/logo\\\/image\\\/\"},\"sameAs\":[\"https:\\\/\\\/www.facebook.com\\\/econovagmbh\\\/\",\"https:\\\/\\\/www.linkedin.com\\\/company\\\/eco-nova-gmbh\\\/\",\"https:\\\/\\\/www.youtube.com\\\/@eco-novagmbh\",\"https:\\\/\\\/www.instagram.com\\\/eco_nova.de\\\/\"],\"description\":\"Eco-Nova unterst\u00fctzt und ber\u00e4t produzierende und industrielle Betriebe bei Reinigungsproblemen. Eco-Nova ist dabei Hersteller von Industriereinigern und vertreibt diese aus eigener Herstellung.\",\"email\":\"info@eco-nova.de\",\"telephone\":\"05923 99 36 0\",\"legalName\":\"Eco-Nova Handelsgesellschaft mbH\",\"foundingDate\":\"1993-10-01\",\"vatID\":\"DE160232502\",\"taxID\":\"55\\\/201\\\/39713\"},{\"@type\":\"Person\",\"@id\":\"https:\\\/\\\/www.eco-nova.de\\\/#\\\/schema\\\/person\\\/9707d85983a52e4e74aab7a922ef2bcd\",\"name\":\"Stefan Bertels\",\"image\":{\"@type\":\"ImageObject\",\"inLanguage\":\"pl-PL\",\"@id\":\"https:\\\/\\\/secure.gravatar.com\\\/avatar\\\/4b73bdcd3089ecffa6d75e5b2421d35947fbec142d85f6c012e5dc9f4c68656b?s=96&d=mm&r=g\",\"url\":\"https:\\\/\\\/secure.gravatar.com\\\/avatar\\\/4b73bdcd3089ecffa6d75e5b2421d35947fbec142d85f6c012e5dc9f4c68656b?s=96&d=mm&r=g\",\"contentUrl\":\"https:\\\/\\\/secure.gravatar.com\\\/avatar\\\/4b73bdcd3089ecffa6d75e5b2421d35947fbec142d85f6c012e5dc9f4c68656b?s=96&d=mm&r=g\",\"caption\":\"Stefan Bertels\"}}]}<\/script>\n<!-- \/ Yoast SEO Premium plugin. -->","yoast_head_json":{"title":"Wp\u0142yw wojny na Ukrainie","robots":{"index":"index","follow":"follow","max-snippet":"max-snippet:-1","max-image-preview":"max-image-preview:large","max-video-preview":"max-video-preview:-1"},"canonical":"https:\/\/www.eco-nova.de\/pl\/krieg-in-der-ukraine\/","og_locale":"pl_PL","og_type":"article","og_title":"Der Krieg in der Ukraine betrifft uns alle","og_description":"Unser Team verfolgt t\u00e4glich die Geschehnisse in der Ukraine und die Ukrainer\/innen haben unser Mitgef\u00fchl. Wir machen uns Sorgen um die Zivilbev\u00f6lkerung vor Ort, die Menschen auf der Flucht und die mutigen Menschen, die sich gegen die \u00dcbermacht Russlands so tapfer wehren. Unser Team ist besorgt um die Menschen in der Ukraine Einen solchen kriegerischen [&hellip;]","og_url":"https:\/\/www.eco-nova.de\/pl\/krieg-in-der-ukraine\/","og_site_name":"Eco Nova","article_publisher":"https:\/\/www.facebook.com\/econovagmbh\/","article_published_time":"2022-03-03T14:26:07+00:00","article_modified_time":"2023-09-19T13:04:08+00:00","author":"Stefan Bertels","twitter_card":"summary_large_image","twitter_misc":{"Napisane przez":"Stefan Bertels","Szacowany czas czytania":"1 minuta"},"schema":{"@context":"https:\/\/schema.org","@graph":[{"@type":"Article","@id":"https:\/\/www.eco-nova.de\/krieg-in-der-ukraine\/#article","isPartOf":{"@id":"https:\/\/www.eco-nova.de\/krieg-in-der-ukraine\/"},"author":{"name":"Stefan Bertels","@id":"https:\/\/www.eco-nova.de\/#\/schema\/person\/9707d85983a52e4e74aab7a922ef2bcd"},"headline":"Der Krieg in der Ukraine betrifft uns alle","datePublished":"2022-03-03T14:26:07+00:00","dateModified":"2023-09-19T13:04:08+00:00","mainEntityOfPage":{"@id":"https:\/\/www.eco-nova.de\/krieg-in-der-ukraine\/"},"wordCount":165,"publisher":{"@id":"https:\/\/www.eco-nova.de\/#organization"},"articleSection":["Unkategorisiert"],"inLanguage":"pl-PL"},{"@type":"WebPage","@id":"https:\/\/www.eco-nova.de\/krieg-in-der-ukraine\/","url":"https:\/\/www.eco-nova.de\/krieg-in-der-ukraine\/","name":"Wp\u0142yw wojny na Ukrainie","isPartOf":{"@id":"https:\/\/www.eco-nova.de\/#website"},"datePublished":"2022-03-03T14:26:07+00:00","dateModified":"2023-09-19T13:04:08+00:00","breadcrumb":{"@id":"https:\/\/www.eco-nova.de\/krieg-in-der-ukraine\/#breadcrumb"},"inLanguage":"pl-PL","potentialAction":[{"@type":"ReadAction","target":["https:\/\/www.eco-nova.de\/krieg-in-der-ukraine\/"]}]},{"@type":"BreadcrumbList","@id":"https:\/\/www.eco-nova.de\/krieg-in-der-ukraine\/#breadcrumb","itemListElement":[{"@type":"ListItem","position":1,"name":"Startseite","item":"https:\/\/www.eco-nova.de\/"},{"@type":"ListItem","position":2,"name":"Der Krieg in der Ukraine betrifft uns alle"}]},{"@type":"WebSite","@id":"https:\/\/www.eco-nova.de\/#website","url":"https:\/\/www.eco-nova.de\/","name":"ECO-NOVA - Przemys\u0142owy \u015brodek czyszcz\u0105cy bez niebezpiecznych substancji","description":"Przemys\u0142owy \u015brodek czyszcz\u0105cy bez niebezpiecznych substancji","publisher":{"@id":"https:\/\/www.eco-nova.de\/#organization"},"alternateName":"Eco-Nova - Beratung und L\u00f6sung f\u00fcr industrielle Reinigungsprobleme","potentialAction":[{"@type":"SearchAction","target":{"@type":"EntryPoint","urlTemplate":"https:\/\/www.eco-nova.de\/?s={search_term_string}"},"query-input":{"@type":"PropertyValueSpecification","valueRequired":true,"valueName":"search_term_string"}}],"inLanguage":"pl-PL"},{"@type":"Organization","@id":"https:\/\/www.eco-nova.de\/#organization","name":"ECO-NOVA GmbH","alternateName":"Eco-Nova Handelsgesellschaft mbH","url":"https:\/\/www.eco-nova.de\/","logo":{"@type":"ImageObject","inLanguage":"pl-PL","@id":"https:\/\/www.eco-nova.de\/#\/schema\/logo\/image\/","url":"https:\/\/www.eco-nova.de\/wp-content\/uploads\/2023\/09\/2022-ECO-NOVA-Wort-Bildmarke-RGB_Zeichenflaeche-1.jpg","contentUrl":"https:\/\/www.eco-nova.de\/wp-content\/uploads\/2023\/09\/2022-ECO-NOVA-Wort-Bildmarke-RGB_Zeichenflaeche-1.jpg","width":2251,"height":2251,"caption":"ECO-NOVA GmbH"},"image":{"@id":"https:\/\/www.eco-nova.de\/#\/schema\/logo\/image\/"},"sameAs":["https:\/\/www.facebook.com\/econovagmbh\/","https:\/\/www.linkedin.com\/company\/eco-nova-gmbh\/","https:\/\/www.youtube.com\/@eco-novagmbh","https:\/\/www.instagram.com\/eco_nova.de\/"],"description":"Eco-Nova wspiera i doradza firmom produkcyjnym i przemys\u0142owym w zakresie problem\u00f3w zwi\u0105zanych z utrzymaniem czysto\u015bci. Eco-Nova jest producentem przemys\u0142owych \u015brodk\u00f3w czyszcz\u0105cych i sprzedaje je z w\u0142asnej produkcji.","email":"info@eco-nova.de","telephone":"05923 99 36 0","legalName":"Eco-Nova Handelsgesellschaft mbH","foundingDate":"1993-10-01","vatID":"DE160232502","taxID":"55\/201\/39713"},{"@type":"Person","@id":"https:\/\/www.eco-nova.de\/#\/schema\/person\/9707d85983a52e4e74aab7a922ef2bcd","name":"Stefan Bertels","image":{"@type":"ImageObject","inLanguage":"pl-PL","@id":"https:\/\/secure.gravatar.com\/avatar\/4b73bdcd3089ecffa6d75e5b2421d35947fbec142d85f6c012e5dc9f4c68656b?s=96&d=mm&r=g","url":"https:\/\/secure.gravatar.com\/avatar\/4b73bdcd3089ecffa6d75e5b2421d35947fbec142d85f6c012e5dc9f4c68656b?s=96&d=mm&r=g","contentUrl":"https:\/\/secure.gravatar.com\/avatar\/4b73bdcd3089ecffa6d75e5b2421d35947fbec142d85f6c012e5dc9f4c68656b?s=96&d=mm&r=g","caption":"Stefan Bertels"}}]}},"_links":{"self":[{"href":"https:\/\/www.eco-nova.de\/pl\/wp-json\/wp\/v2\/posts\/1640","targetHints":{"allow":["GET"]}}],"collection":[{"href":"https:\/\/www.eco-nova.de\/pl\/wp-json\/wp\/v2\/posts"}],"about":[{"href":"https:\/\/www.eco-nova.de\/pl\/wp-json\/wp\/v2\/types\/post"}],"author":[{"embeddable":true,"href":"https:\/\/www.eco-nova.de\/pl\/wp-json\/wp\/v2\/users\/3"}],"replies":[{"embeddable":true,"href":"https:\/\/www.eco-nova.de\/pl\/wp-json\/wp\/v2\/comments?post=1640"}],"version-history":[{"count":0,"href":"https:\/\/www.eco-nova.de\/pl\/wp-json\/wp\/v2\/posts\/1640\/revisions"}],"wp:attachment":[{"href":"https:\/\/www.eco-nova.de\/pl\/wp-json\/wp\/v2\/media?parent=1640"}],"wp:term":[{"taxonomy":"category","embeddable":true,"href":"https:\/\/www.eco-nova.de\/pl\/wp-json\/wp\/v2\/categories?post=1640"},{"taxonomy":"post_tag","embeddable":true,"href":"https:\/\/www.eco-nova.de\/pl\/wp-json\/wp\/v2\/tags?post=1640"}],"curies":[{"name":"wp","href":"https:\/\/api.w.org\/{rel}","templated":true}]}}