{"id":853,"date":"2020-07-14T15:38:58","date_gmt":"2020-07-14T13:38:58","guid":{"rendered":"https:\/\/www.eco-nova.de\/?p=853"},"modified":"2023-09-19T15:22:03","modified_gmt":"2023-09-19T13:22:03","slug":"erweiterung-der-produktions-und-logistikflaeche-am-standort-schuettorf","status":"publish","type":"post","link":"https:\/\/www.eco-nova.de\/fr\/erweiterung-der-produktions-und-logistikflaeche-am-standort-schuettorf\/","title":{"rendered":"Extension de la surface de production et de logistique sur le site de Sch\u00fcttorf."},"content":{"rendered":"<p>En raison de la demande croissante de nettoyants s\u00fbrs et industriels, Eco-Nova GmbH va doubler la surface de son site cette ann\u00e9e encore.<\/p>\n<p>La construction du nouveau b\u00e2timent administratif incluant un hall de production et de logistique sur le site de Sch\u00fcttorf a \u00e9t\u00e9 achev\u00e9e en 2000.<\/p>\n<p>En 2008, apr\u00e8s 8 ans, la premi\u00e8re extension a eu lieu avec l'ajout d'un autre hall de stockage et de production.<\/p>\n<p>Apr\u00e8s 12 ans, il est \u00e0 nouveau n\u00e9cessaire d'agrandir la surface utile.<\/p>\n<p>La nouvelle construction sera r\u00e9alis\u00e9e juste \u00e0 c\u00f4t\u00e9 du b\u00e2timent existant. Le nouveau b\u00e2timent est pr\u00e9vu pour la production ainsi que pour la sortie des marchandises.<\/p>\n<p>En installant un syst\u00e8me photovolta\u00efque sur le toit, nous assumons en outre notre responsabilit\u00e9 en mati\u00e8re de gestion durable et de protection de l'environnement.<\/p>\n<p>L'utilisation du nouveau hall est pr\u00e9vue \u00e0 partir d'octobre 2020.<\/p>\n<p>&nbsp;<\/p>","protected":false},"excerpt":{"rendered":"<p>Die Eco-Nova GmbH wird ihr Betriebsgel\u00e4nde auf Grund der stetig steigenden Nachfrage nach sicheren und industriellen Reinigern noch in diesem Jahr um die doppelte Fl\u00e4che erweitern. Der Neubau des Verwaltungsgeb\u00e4udes inkl. einer Produktions- und Logistikhalle am Standort Sch\u00fcttorf wurde im Jahre 2000 fertiggestellt. Im Jahr 2008 folgte nach 8 Jahren die erste Erweiterung mit dem [&hellip;]<\/p>\n","protected":false},"author":3,"featured_media":4845,"comment_status":"closed","ping_status":"closed","sticky":false,"template":"","format":"standard","meta":{"_acf_changed":false,"footnotes":""},"categories":[182],"tags":[],"class_list":["post-853","post","type-post","status-publish","format-standard","has-post-thumbnail","hentry","category-neuigkeiten"],"acf":[],"yoast_head":"<!-- This site is optimized with the Yoast SEO Premium plugin v27.2 (Yoast SEO v27.5) - https:\/\/yoast.com\/product\/yoast-seo-premium-wordpress\/ -->\n<title>Erweiterung der Produktions- und Logistikfl\u00e4che - ECO-NOVA<\/title>\n<meta name=\"description\" content=\"Die ECO-NOVA GmbH wird ihr Betriebsgel\u00e4nde, am Standort in Sch\u00fcttorf, auf Grund der stetig steigenden Nachfrage erweitern.\" \/>\n<meta name=\"robots\" content=\"index, follow, max-snippet:-1, max-image-preview:large, max-video-preview:-1\" \/>\n<link rel=\"canonical\" href=\"https:\/\/www.eco-nova.de\/fr\/erweiterung-der-produktions-und-logistikflaeche-am-standort-schuettorf\/\" \/>\n<meta property=\"og:locale\" content=\"fr_FR\" \/>\n<meta property=\"og:type\" content=\"article\" \/>\n<meta property=\"og:title\" content=\"Erweiterung der Produktions- und Logistikfl\u00e4che am Standort Sch\u00fcttorf.\" \/>\n<meta property=\"og:description\" content=\"Die ECO-NOVA GmbH wird ihr Betriebsgel\u00e4nde, am Standort in Sch\u00fcttorf, auf Grund der stetig steigenden Nachfrage erweitern.\" \/>\n<meta property=\"og:url\" content=\"https:\/\/www.eco-nova.de\/fr\/erweiterung-der-produktions-und-logistikflaeche-am-standort-schuettorf\/\" \/>\n<meta property=\"og:site_name\" content=\"Eco Nova\" \/>\n<meta property=\"article:publisher\" content=\"https:\/\/www.facebook.com\/econovagmbh\/\" \/>\n<meta property=\"article:published_time\" content=\"2020-07-14T13:38:58+00:00\" \/>\n<meta property=\"article:modified_time\" content=\"2023-09-19T13:22:03+00:00\" \/>\n<meta property=\"og:image\" content=\"https:\/\/www.eco-nova.de\/wp-content\/uploads\/2023\/06\/NeuesGebaeude2020-blog.png\" \/>\n\t<meta property=\"og:image:width\" content=\"1140\" \/>\n\t<meta property=\"og:image:height\" content=\"500\" \/>\n\t<meta property=\"og:image:type\" content=\"image\/png\" \/>\n<meta name=\"author\" content=\"Stefan Bertels\" \/>\n<meta name=\"twitter:card\" content=\"summary_large_image\" \/>\n<meta name=\"twitter:label1\" content=\"\u00c9crit par\" \/>\n\t<meta name=\"twitter:data1\" content=\"Stefan Bertels\" \/>\n\t<meta name=\"twitter:label2\" content=\"Dur\u00e9e de lecture estim\u00e9e\" \/>\n\t<meta name=\"twitter:data2\" content=\"1 minute\" \/>\n<script type=\"application\/ld+json\" class=\"yoast-schema-graph\">{\"@context\":\"https:\\\/\\\/schema.org\",\"@graph\":[{\"@type\":\"Article\",\"@id\":\"https:\\\/\\\/www.eco-nova.de\\\/erweiterung-der-produktions-und-logistikflaeche-am-standort-schuettorf\\\/#article\",\"isPartOf\":{\"@id\":\"https:\\\/\\\/www.eco-nova.de\\\/erweiterung-der-produktions-und-logistikflaeche-am-standort-schuettorf\\\/\"},\"author\":{\"name\":\"Stefan Bertels\",\"@id\":\"https:\\\/\\\/www.eco-nova.de\\\/#\\\/schema\\\/person\\\/9707d85983a52e4e74aab7a922ef2bcd\"},\"headline\":\"Erweiterung der Produktions- und Logistikfl\u00e4che am Standort Sch\u00fcttorf.\",\"datePublished\":\"2020-07-14T13:38:58+00:00\",\"dateModified\":\"2023-09-19T13:22:03+00:00\",\"mainEntityOfPage\":{\"@id\":\"https:\\\/\\\/www.eco-nova.de\\\/erweiterung-der-produktions-und-logistikflaeche-am-standort-schuettorf\\\/\"},\"wordCount\":138,\"publisher\":{\"@id\":\"https:\\\/\\\/www.eco-nova.de\\\/#organization\"},\"image\":{\"@id\":\"https:\\\/\\\/www.eco-nova.de\\\/erweiterung-der-produktions-und-logistikflaeche-am-standort-schuettorf\\\/#primaryimage\"},\"thumbnailUrl\":\"https:\\\/\\\/www.eco-nova.de\\\/wp-content\\\/uploads\\\/2023\\\/06\\\/NeuesGebaeude2020-blog.jpg\",\"articleSection\":[\"Neuigkeiten\"],\"inLanguage\":\"fr-FR\"},{\"@type\":\"WebPage\",\"@id\":\"https:\\\/\\\/www.eco-nova.de\\\/erweiterung-der-produktions-und-logistikflaeche-am-standort-schuettorf\\\/\",\"url\":\"https:\\\/\\\/www.eco-nova.de\\\/erweiterung-der-produktions-und-logistikflaeche-am-standort-schuettorf\\\/\",\"name\":\"Erweiterung der Produktions- und Logistikfl\u00e4che - ECO-NOVA\",\"isPartOf\":{\"@id\":\"https:\\\/\\\/www.eco-nova.de\\\/#website\"},\"primaryImageOfPage\":{\"@id\":\"https:\\\/\\\/www.eco-nova.de\\\/erweiterung-der-produktions-und-logistikflaeche-am-standort-schuettorf\\\/#primaryimage\"},\"image\":{\"@id\":\"https:\\\/\\\/www.eco-nova.de\\\/erweiterung-der-produktions-und-logistikflaeche-am-standort-schuettorf\\\/#primaryimage\"},\"thumbnailUrl\":\"https:\\\/\\\/www.eco-nova.de\\\/wp-content\\\/uploads\\\/2023\\\/06\\\/NeuesGebaeude2020-blog.jpg\",\"datePublished\":\"2020-07-14T13:38:58+00:00\",\"dateModified\":\"2023-09-19T13:22:03+00:00\",\"description\":\"Die ECO-NOVA GmbH wird ihr Betriebsgel\u00e4nde, am Standort in Sch\u00fcttorf, auf Grund der stetig steigenden Nachfrage erweitern.\",\"breadcrumb\":{\"@id\":\"https:\\\/\\\/www.eco-nova.de\\\/erweiterung-der-produktions-und-logistikflaeche-am-standort-schuettorf\\\/#breadcrumb\"},\"inLanguage\":\"fr-FR\",\"potentialAction\":[{\"@type\":\"ReadAction\",\"target\":[\"https:\\\/\\\/www.eco-nova.de\\\/erweiterung-der-produktions-und-logistikflaeche-am-standort-schuettorf\\\/\"]}]},{\"@type\":\"ImageObject\",\"inLanguage\":\"fr-FR\",\"@id\":\"https:\\\/\\\/www.eco-nova.de\\\/erweiterung-der-produktions-und-logistikflaeche-am-standort-schuettorf\\\/#primaryimage\",\"url\":\"https:\\\/\\\/www.eco-nova.de\\\/wp-content\\\/uploads\\\/2023\\\/06\\\/NeuesGebaeude2020-blog.jpg\",\"contentUrl\":\"https:\\\/\\\/www.eco-nova.de\\\/wp-content\\\/uploads\\\/2023\\\/06\\\/NeuesGebaeude2020-blog.jpg\",\"width\":2240,\"height\":1260},{\"@type\":\"BreadcrumbList\",\"@id\":\"https:\\\/\\\/www.eco-nova.de\\\/erweiterung-der-produktions-und-logistikflaeche-am-standort-schuettorf\\\/#breadcrumb\",\"itemListElement\":[{\"@type\":\"ListItem\",\"position\":1,\"name\":\"Startseite\",\"item\":\"https:\\\/\\\/www.eco-nova.de\\\/\"},{\"@type\":\"ListItem\",\"position\":2,\"name\":\"Erweiterung der Produktions- und Logistikfl\u00e4che am Standort Sch\u00fcttorf.\"}]},{\"@type\":\"WebSite\",\"@id\":\"https:\\\/\\\/www.eco-nova.de\\\/#website\",\"url\":\"https:\\\/\\\/www.eco-nova.de\\\/\",\"name\":\"ECO-NOVA - Industriereiniger ohne Gefahrstoffe\",\"description\":\"Industriereiniger ohne Gefahrstoffe\",\"publisher\":{\"@id\":\"https:\\\/\\\/www.eco-nova.de\\\/#organization\"},\"alternateName\":\"Eco-Nova - Beratung und L\u00f6sung f\u00fcr industrielle Reinigungsprobleme\",\"potentialAction\":[{\"@type\":\"SearchAction\",\"target\":{\"@type\":\"EntryPoint\",\"urlTemplate\":\"https:\\\/\\\/www.eco-nova.de\\\/?s={search_term_string}\"},\"query-input\":{\"@type\":\"PropertyValueSpecification\",\"valueRequired\":true,\"valueName\":\"search_term_string\"}}],\"inLanguage\":\"fr-FR\"},{\"@type\":\"Organization\",\"@id\":\"https:\\\/\\\/www.eco-nova.de\\\/#organization\",\"name\":\"ECO-NOVA GmbH\",\"alternateName\":\"Eco-Nova Handelsgesellschaft mbH\",\"url\":\"https:\\\/\\\/www.eco-nova.de\\\/\",\"logo\":{\"@type\":\"ImageObject\",\"inLanguage\":\"fr-FR\",\"@id\":\"https:\\\/\\\/www.eco-nova.de\\\/#\\\/schema\\\/logo\\\/image\\\/\",\"url\":\"https:\\\/\\\/www.eco-nova.de\\\/wp-content\\\/uploads\\\/2023\\\/09\\\/2022-ECO-NOVA-Wort-Bildmarke-RGB_Zeichenflaeche-1.jpg\",\"contentUrl\":\"https:\\\/\\\/www.eco-nova.de\\\/wp-content\\\/uploads\\\/2023\\\/09\\\/2022-ECO-NOVA-Wort-Bildmarke-RGB_Zeichenflaeche-1.jpg\",\"width\":2251,\"height\":2251,\"caption\":\"ECO-NOVA GmbH\"},\"image\":{\"@id\":\"https:\\\/\\\/www.eco-nova.de\\\/#\\\/schema\\\/logo\\\/image\\\/\"},\"sameAs\":[\"https:\\\/\\\/www.facebook.com\\\/econovagmbh\\\/\",\"https:\\\/\\\/www.linkedin.com\\\/company\\\/eco-nova-gmbh\\\/\",\"https:\\\/\\\/www.youtube.com\\\/@eco-novagmbh\",\"https:\\\/\\\/www.instagram.com\\\/eco_nova.de\\\/\"],\"description\":\"Eco-Nova unterst\u00fctzt und ber\u00e4t produzierende und industrielle Betriebe bei Reinigungsproblemen. Eco-Nova ist dabei Hersteller von Industriereinigern und vertreibt diese aus eigener Herstellung.\",\"email\":\"info@eco-nova.de\",\"telephone\":\"05923 99 36 0\",\"legalName\":\"Eco-Nova Handelsgesellschaft mbH\",\"foundingDate\":\"1993-10-01\",\"vatID\":\"DE160232502\",\"taxID\":\"55\\\/201\\\/39713\"},{\"@type\":\"Person\",\"@id\":\"https:\\\/\\\/www.eco-nova.de\\\/#\\\/schema\\\/person\\\/9707d85983a52e4e74aab7a922ef2bcd\",\"name\":\"Stefan Bertels\",\"image\":{\"@type\":\"ImageObject\",\"inLanguage\":\"fr-FR\",\"@id\":\"https:\\\/\\\/secure.gravatar.com\\\/avatar\\\/4b73bdcd3089ecffa6d75e5b2421d35947fbec142d85f6c012e5dc9f4c68656b?s=96&d=mm&r=g\",\"url\":\"https:\\\/\\\/secure.gravatar.com\\\/avatar\\\/4b73bdcd3089ecffa6d75e5b2421d35947fbec142d85f6c012e5dc9f4c68656b?s=96&d=mm&r=g\",\"contentUrl\":\"https:\\\/\\\/secure.gravatar.com\\\/avatar\\\/4b73bdcd3089ecffa6d75e5b2421d35947fbec142d85f6c012e5dc9f4c68656b?s=96&d=mm&r=g\",\"caption\":\"Stefan Bertels\"}}]}<\/script>\n<!-- \/ Yoast SEO Premium plugin. -->","yoast_head_json":{"title":"Extension de la surface de production et de logistique - ECO-NOVA","description":"La soci\u00e9t\u00e9 ECO-NOVA GmbH va agrandir son site d'exploitation, \u00e0 Sch\u00fcttorf, en raison de l'augmentation constante de la demande.","robots":{"index":"index","follow":"follow","max-snippet":"max-snippet:-1","max-image-preview":"max-image-preview:large","max-video-preview":"max-video-preview:-1"},"canonical":"https:\/\/www.eco-nova.de\/fr\/erweiterung-der-produktions-und-logistikflaeche-am-standort-schuettorf\/","og_locale":"fr_FR","og_type":"article","og_title":"Erweiterung der Produktions- und Logistikfl\u00e4che am Standort Sch\u00fcttorf.","og_description":"Die ECO-NOVA GmbH wird ihr Betriebsgel\u00e4nde, am Standort in Sch\u00fcttorf, auf Grund der stetig steigenden Nachfrage erweitern.","og_url":"https:\/\/www.eco-nova.de\/fr\/erweiterung-der-produktions-und-logistikflaeche-am-standort-schuettorf\/","og_site_name":"Eco Nova","article_publisher":"https:\/\/www.facebook.com\/econovagmbh\/","article_published_time":"2020-07-14T13:38:58+00:00","article_modified_time":"2023-09-19T13:22:03+00:00","og_image":[{"width":1140,"height":500,"url":"https:\/\/www.eco-nova.de\/wp-content\/uploads\/2023\/06\/NeuesGebaeude2020-blog.png","type":"image\/png"}],"author":"Stefan Bertels","twitter_card":"summary_large_image","twitter_misc":{"\u00c9crit par":"Stefan Bertels","Dur\u00e9e de lecture estim\u00e9e":"1 minute"},"schema":{"@context":"https:\/\/schema.org","@graph":[{"@type":"Article","@id":"https:\/\/www.eco-nova.de\/erweiterung-der-produktions-und-logistikflaeche-am-standort-schuettorf\/#article","isPartOf":{"@id":"https:\/\/www.eco-nova.de\/erweiterung-der-produktions-und-logistikflaeche-am-standort-schuettorf\/"},"author":{"name":"Stefan Bertels","@id":"https:\/\/www.eco-nova.de\/#\/schema\/person\/9707d85983a52e4e74aab7a922ef2bcd"},"headline":"Erweiterung der Produktions- und Logistikfl\u00e4che am Standort Sch\u00fcttorf.","datePublished":"2020-07-14T13:38:58+00:00","dateModified":"2023-09-19T13:22:03+00:00","mainEntityOfPage":{"@id":"https:\/\/www.eco-nova.de\/erweiterung-der-produktions-und-logistikflaeche-am-standort-schuettorf\/"},"wordCount":138,"publisher":{"@id":"https:\/\/www.eco-nova.de\/#organization"},"image":{"@id":"https:\/\/www.eco-nova.de\/erweiterung-der-produktions-und-logistikflaeche-am-standort-schuettorf\/#primaryimage"},"thumbnailUrl":"https:\/\/www.eco-nova.de\/wp-content\/uploads\/2023\/06\/NeuesGebaeude2020-blog.jpg","articleSection":["Neuigkeiten"],"inLanguage":"fr-FR"},{"@type":"WebPage","@id":"https:\/\/www.eco-nova.de\/erweiterung-der-produktions-und-logistikflaeche-am-standort-schuettorf\/","url":"https:\/\/www.eco-nova.de\/erweiterung-der-produktions-und-logistikflaeche-am-standort-schuettorf\/","name":"Extension de la surface de production et de logistique - ECO-NOVA","isPartOf":{"@id":"https:\/\/www.eco-nova.de\/#website"},"primaryImageOfPage":{"@id":"https:\/\/www.eco-nova.de\/erweiterung-der-produktions-und-logistikflaeche-am-standort-schuettorf\/#primaryimage"},"image":{"@id":"https:\/\/www.eco-nova.de\/erweiterung-der-produktions-und-logistikflaeche-am-standort-schuettorf\/#primaryimage"},"thumbnailUrl":"https:\/\/www.eco-nova.de\/wp-content\/uploads\/2023\/06\/NeuesGebaeude2020-blog.jpg","datePublished":"2020-07-14T13:38:58+00:00","dateModified":"2023-09-19T13:22:03+00:00","description":"La soci\u00e9t\u00e9 ECO-NOVA GmbH va agrandir son site d'exploitation, \u00e0 Sch\u00fcttorf, en raison de l'augmentation constante de la demande.","breadcrumb":{"@id":"https:\/\/www.eco-nova.de\/erweiterung-der-produktions-und-logistikflaeche-am-standort-schuettorf\/#breadcrumb"},"inLanguage":"fr-FR","potentialAction":[{"@type":"ReadAction","target":["https:\/\/www.eco-nova.de\/erweiterung-der-produktions-und-logistikflaeche-am-standort-schuettorf\/"]}]},{"@type":"ImageObject","inLanguage":"fr-FR","@id":"https:\/\/www.eco-nova.de\/erweiterung-der-produktions-und-logistikflaeche-am-standort-schuettorf\/#primaryimage","url":"https:\/\/www.eco-nova.de\/wp-content\/uploads\/2023\/06\/NeuesGebaeude2020-blog.jpg","contentUrl":"https:\/\/www.eco-nova.de\/wp-content\/uploads\/2023\/06\/NeuesGebaeude2020-blog.jpg","width":2240,"height":1260},{"@type":"BreadcrumbList","@id":"https:\/\/www.eco-nova.de\/erweiterung-der-produktions-und-logistikflaeche-am-standort-schuettorf\/#breadcrumb","itemListElement":[{"@type":"ListItem","position":1,"name":"Startseite","item":"https:\/\/www.eco-nova.de\/"},{"@type":"ListItem","position":2,"name":"Erweiterung der Produktions- und Logistikfl\u00e4che am Standort Sch\u00fcttorf."}]},{"@type":"WebSite","@id":"https:\/\/www.eco-nova.de\/#website","url":"https:\/\/www.eco-nova.de\/","name":"ECO-NOVA - Nettoyant industriel sans substances dangereuses","description":"Nettoyant industriel sans substances dangereuses","publisher":{"@id":"https:\/\/www.eco-nova.de\/#organization"},"alternateName":"Eco-Nova - Beratung und L\u00f6sung f\u00fcr industrielle Reinigungsprobleme","potentialAction":[{"@type":"SearchAction","target":{"@type":"EntryPoint","urlTemplate":"https:\/\/www.eco-nova.de\/?s={search_term_string}"},"query-input":{"@type":"PropertyValueSpecification","valueRequired":true,"valueName":"search_term_string"}}],"inLanguage":"fr-FR"},{"@type":"Organization","@id":"https:\/\/www.eco-nova.de\/#organization","name":"ECO-NOVA GmbH","alternateName":"Eco-Nova Handelsgesellschaft mbH","url":"https:\/\/www.eco-nova.de\/","logo":{"@type":"ImageObject","inLanguage":"fr-FR","@id":"https:\/\/www.eco-nova.de\/#\/schema\/logo\/image\/","url":"https:\/\/www.eco-nova.de\/wp-content\/uploads\/2023\/09\/2022-ECO-NOVA-Wort-Bildmarke-RGB_Zeichenflaeche-1.jpg","contentUrl":"https:\/\/www.eco-nova.de\/wp-content\/uploads\/2023\/09\/2022-ECO-NOVA-Wort-Bildmarke-RGB_Zeichenflaeche-1.jpg","width":2251,"height":2251,"caption":"ECO-NOVA GmbH"},"image":{"@id":"https:\/\/www.eco-nova.de\/#\/schema\/logo\/image\/"},"sameAs":["https:\/\/www.facebook.com\/econovagmbh\/","https:\/\/www.linkedin.com\/company\/eco-nova-gmbh\/","https:\/\/www.youtube.com\/@eco-novagmbh","https:\/\/www.instagram.com\/eco_nova.de\/"],"description":"Eco-Nova soutient et conseille les entreprises industrielles et de production en cas de probl\u00e8mes de nettoyage. Pour ce faire, Eco-Nova est fabricant de produits de nettoyage industriels et les commercialise \u00e0 partir de sa propre production.","email":"info@eco-nova.de","telephone":"05923 99 36 0","legalName":"Eco-Nova Handelsgesellschaft mbH","foundingDate":"1993-10-01","vatID":"DE160232502","taxID":"55\/201\/39713"},{"@type":"Person","@id":"https:\/\/www.eco-nova.de\/#\/schema\/person\/9707d85983a52e4e74aab7a922ef2bcd","name":"Stefan Bertels","image":{"@type":"ImageObject","inLanguage":"fr-FR","@id":"https:\/\/secure.gravatar.com\/avatar\/4b73bdcd3089ecffa6d75e5b2421d35947fbec142d85f6c012e5dc9f4c68656b?s=96&d=mm&r=g","url":"https:\/\/secure.gravatar.com\/avatar\/4b73bdcd3089ecffa6d75e5b2421d35947fbec142d85f6c012e5dc9f4c68656b?s=96&d=mm&r=g","contentUrl":"https:\/\/secure.gravatar.com\/avatar\/4b73bdcd3089ecffa6d75e5b2421d35947fbec142d85f6c012e5dc9f4c68656b?s=96&d=mm&r=g","caption":"Stefan Bertels"}}]}},"_links":{"self":[{"href":"https:\/\/www.eco-nova.de\/fr\/wp-json\/wp\/v2\/posts\/853","targetHints":{"allow":["GET"]}}],"collection":[{"href":"https:\/\/www.eco-nova.de\/fr\/wp-json\/wp\/v2\/posts"}],"about":[{"href":"https:\/\/www.eco-nova.de\/fr\/wp-json\/wp\/v2\/types\/post"}],"author":[{"embeddable":true,"href":"https:\/\/www.eco-nova.de\/fr\/wp-json\/wp\/v2\/users\/3"}],"replies":[{"embeddable":true,"href":"https:\/\/www.eco-nova.de\/fr\/wp-json\/wp\/v2\/comments?post=853"}],"version-history":[{"count":0,"href":"https:\/\/www.eco-nova.de\/fr\/wp-json\/wp\/v2\/posts\/853\/revisions"}],"wp:featuredmedia":[{"embeddable":true,"href":"https:\/\/www.eco-nova.de\/fr\/wp-json\/wp\/v2\/media\/4845"}],"wp:attachment":[{"href":"https:\/\/www.eco-nova.de\/fr\/wp-json\/wp\/v2\/media?parent=853"}],"wp:term":[{"taxonomy":"category","embeddable":true,"href":"https:\/\/www.eco-nova.de\/fr\/wp-json\/wp\/v2\/categories?post=853"},{"taxonomy":"post_tag","embeddable":true,"href":"https:\/\/www.eco-nova.de\/fr\/wp-json\/wp\/v2\/tags?post=853"}],"curies":[{"name":"wp","href":"https:\/\/api.w.org\/{rel}","templated":true}]}}